{"id":40742,"date":"2019-01-05T11:22:04","date_gmt":"2019-01-05T16:22:04","guid":{"rendered":"http:\/\/elinformanteperu.com\/?p=40742"},"modified":"2019-01-05T11:22:04","modified_gmt":"2019-01-05T16:22:04","slug":"asi-se-realizo-el-allanamiento-a-las-oficinas-de-asesor-de-chavarry","status":"publish","type":"post","link":"https:\/\/elinformanteperu.com\/index.php\/2019\/01\/05\/asi-se-realizo-el-allanamiento-a-las-oficinas-de-asesor-de-chavarry\/","title":{"rendered":"As\u00ed se realiz\u00f3 el allanamiento a las oficinas de asesor de Ch\u00e1varry"},"content":{"rendered":"<p><strong><span style=\"color: #000000;\">Con autorizaci\u00f3n del juez Richard Concepci\u00f3n Carhuancho, fueron allanadas dos oficinas de Juan Manuel Duarte Castro, asesor del fiscal de la Naci\u00f3n.<\/span><\/strong><\/p>\n<p><span style=\"color: #000000;\"><strong>Lima, 04 de Enero 2019, (ANDINA).-<\/strong> Con autorizaci\u00f3n del juez Richard Concepci\u00f3n Carhuancho, fueron allanadas dos oficinas de Juan Manuel Duarte Castro, asesor del fiscal de la Naci\u00f3n, Pedro Ch\u00e1varry.<\/span><\/p>\n<p><span style=\"color: #000000;\">El fiscal Jos\u00e9 Domingo P\u00e9rez y miembros de la Polic\u00eda Nacional participaron en el allanamiento de los inmuebles ubicados en la sede principal del Ministerio P\u00fablico, en el Cercado de Lima.<\/span><\/p>\n<p><span style=\"color: #000000;\">La diligencia comprendi\u00f3 \u00abel descerraje, registro domiciliario de las dos oficinas de Juan Manuel Duarte Castro y registro personal de quienes se encuentren presentes o lleguen\u00bb, de acuerdo a la resoluci\u00f3n remitida por el Poder Judicial.<\/span><\/p>\n<p><img fetchpriority=\"high\" decoding=\"async\" class=\"aligncenter size-full wp-image-40745\" src=\"http:\/\/elinformanteperu.com\/wp-content\/uploads\/2019\/01\/domingo-perez-allanamiento-asesor1.jpg\" alt=\"\" width=\"208\" height=\"333\" srcset=\"https:\/\/elinformanteperu.com\/wp-content\/uploads\/2019\/01\/domingo-perez-allanamiento-asesor1.jpg 208w, https:\/\/elinformanteperu.com\/wp-content\/uploads\/2019\/01\/domingo-perez-allanamiento-asesor1-187x300.jpg 187w, https:\/\/elinformanteperu.com\/wp-content\/uploads\/2019\/01\/domingo-perez-allanamiento-asesor1-80x128.jpg 80w, https:\/\/elinformanteperu.com\/wp-content\/uploads\/2019\/01\/domingo-perez-allanamiento-asesor1-20x32.jpg 20w\" sizes=\"(max-width: 208px) 100vw, 208px\" \/><\/p>\n<p><span style=\"color: #000000;\">La autorizaci\u00f3n de allanamiento fue aceptada con el fin de de encontrar documentaci\u00f3n vinculada al partido pol\u00edtico Fuerza Popular (Fuerza 2011) y documentos relacionados a la campa\u00f1a electoral correspondiente al a\u00f1o 2011 y 2016.<\/span><\/p>\n<p><span style=\"color: #000000;\">Esta medida tambi\u00e9n est\u00e1 orientada a encontrar documentos que \u00abcontengan informaci\u00f3n relevante para la investigaci\u00f3n y que vincule al grupo de inter\u00e9s de Keiko Fujimori con Pedro Ch\u00e1varry\u00bb.<\/span><\/p>\n<p><span style=\"color: #000000;\">Juan Manuel Duarte cumple funciones de enlace parlamentario entre el Fiscal de la Naci\u00f3n y el Congreso y antes fue asesor de congresistas de Fuerza Popular, detall\u00f3 el secretario general de la Asociaci\u00f3n Civil Transparencia, Gerardo T\u00e1vara.<\/span><\/p>\n<p><img decoding=\"async\" class=\"aligncenter size-full wp-image-40746\" src=\"http:\/\/elinformanteperu.com\/wp-content\/uploads\/2019\/01\/domingo-perez-allanamiento-asesor2.jpg\" alt=\"\" width=\"221\" height=\"333\" srcset=\"https:\/\/elinformanteperu.com\/wp-content\/uploads\/2019\/01\/domingo-perez-allanamiento-asesor2.jpg 221w, https:\/\/elinformanteperu.com\/wp-content\/uploads\/2019\/01\/domingo-perez-allanamiento-asesor2-199x300.jpg 199w, https:\/\/elinformanteperu.com\/wp-content\/uploads\/2019\/01\/domingo-perez-allanamiento-asesor2-85x128.jpg 85w, https:\/\/elinformanteperu.com\/wp-content\/uploads\/2019\/01\/domingo-perez-allanamiento-asesor2-21x32.jpg 21w\" sizes=\"(max-width: 221px) 100vw, 221px\" \/><\/p>\n","protected":false},"excerpt":{"rendered":"<p>Con autorizaci\u00f3n del juez Richard Concepci\u00f3n Carhuancho, fueron allanadas dos oficinas de Juan Manuel Duarte Castro, asesor del fiscal de la Naci\u00f3n. Lima, 04 de Enero 2019, (ANDINA).- Con autorizaci\u00f3n del juez Richard Concepci\u00f3n Carhuancho, fueron allanadas dos oficinas de Juan Manuel Duarte Castro, asesor del fiscal de la Naci\u00f3n, Pedro Ch\u00e1varry. El fiscal Jos\u00e9 [&hellip;]<\/p>\n","protected":false},"author":1,"featured_media":40744,"comment_status":"open","ping_status":"open","sticky":false,"template":"","format":"standard","meta":{"rop_custom_images_group":[],"rop_custom_messages_group":[],"rop_publish_now":"initial","rop_publish_now_accounts":[],"rop_publish_now_history":[],"rop_publish_now_status":"pending","footnotes":""},"categories":[5],"tags":[430,2568,4005,3209],"class_list":["post-40742","post","type-post","status-publish","format-standard","has-post-thumbnail","hentry","category-actualidad-informativa","tag-fiscalia","tag-jose-domingo-perez","tag-juan-manuel-duarte-castro","tag-pedro-chavarry"],"_links":{"self":[{"href":"https:\/\/elinformanteperu.com\/index.php\/wp-json\/wp\/v2\/posts\/40742","targetHints":{"allow":["GET"]}}],"collection":[{"href":"https:\/\/elinformanteperu.com\/index.php\/wp-json\/wp\/v2\/posts"}],"about":[{"href":"https:\/\/elinformanteperu.com\/index.php\/wp-json\/wp\/v2\/types\/post"}],"author":[{"embeddable":true,"href":"https:\/\/elinformanteperu.com\/index.php\/wp-json\/wp\/v2\/users\/1"}],"replies":[{"embeddable":true,"href":"https:\/\/elinformanteperu.com\/index.php\/wp-json\/wp\/v2\/comments?post=40742"}],"version-history":[{"count":1,"href":"https:\/\/elinformanteperu.com\/index.php\/wp-json\/wp\/v2\/posts\/40742\/revisions"}],"predecessor-version":[{"id":40747,"href":"https:\/\/elinformanteperu.com\/index.php\/wp-json\/wp\/v2\/posts\/40742\/revisions\/40747"}],"wp:featuredmedia":[{"embeddable":true,"href":"https:\/\/elinformanteperu.com\/index.php\/wp-json\/wp\/v2\/media\/40744"}],"wp:attachment":[{"href":"https:\/\/elinformanteperu.com\/index.php\/wp-json\/wp\/v2\/media?parent=40742"}],"wp:term":[{"taxonomy":"category","embeddable":true,"href":"https:\/\/elinformanteperu.com\/index.php\/wp-json\/wp\/v2\/categories?post=40742"},{"taxonomy":"post_tag","embeddable":true,"href":"https:\/\/elinformanteperu.com\/index.php\/wp-json\/wp\/v2\/tags?post=40742"}],"curies":[{"name":"wp","href":"https:\/\/api.w.org\/{rel}","templated":true}]}}