{"id":40738,"date":"2019-01-05T11:14:56","date_gmt":"2019-01-05T16:14:56","guid":{"rendered":"http:\/\/elinformanteperu.com\/?p=40738"},"modified":"2019-01-05T11:14:56","modified_gmt":"2019-01-05T16:14:56","slug":"interpol-captura-a-giancarlo-bertini-implicado-en-el-caso-cocteles","status":"publish","type":"post","link":"https:\/\/elinformanteperu.com\/index.php\/2019\/01\/05\/interpol-captura-a-giancarlo-bertini-implicado-en-el-caso-cocteles\/","title":{"rendered":"Interpol captura a Giancarlo Bertini, implicado en el caso Cocteles"},"content":{"rendered":"<p><strong><span style=\"color: #000000;\">Giancarlo Bertini Vivanco, sindicado por la Fiscal\u00eda como uno de los encargados de camuflar los aportes il\u00edcitos en la campa\u00f1a de Fuerza 2011, fue capturado en Italia.<\/span><\/strong><\/p>\n<p><span style=\"color: #000000;\"><strong>Lima, 04 de Enero 2019, (ANDINA).<\/strong>&#8211; Giancarlo Bertini Vivanco, sindicado por la Fiscal\u00eda como uno de los encargados de camuflar los aportes il\u00edcitos en la campa\u00f1a de Fuerza 2011, fue capturado por la Interpol en Italia, informaron medios de comunicaci\u00f3n.<\/span><\/p>\n<p><span style=\"color: #000000;\">Bertini sali\u00f3 del pa\u00eds por el Cusco con rumbo a Bolivia y habr\u00eda hecho uso de su doble nacionalidad para ingresar al pa\u00eds europeo.<\/span><\/p>\n<p><span style=\"color: #000000;\">Como se recuerda el 20 de noviembre \u00faltimo, el juez Richard Concepci\u00f3n dict\u00f3 36 meses de prisi\u00f3n preventiva para Bertini y orden\u00f3 su captura nacional e internacional, en vista de que estaba no habido.<\/span><\/p>\n<p><span style=\"color: #000000;\">Seg\u00fan la Fiscal\u00eda, Bertini formaba parte del segundo grupo de colaboradores de la presunta organizaci\u00f3n sindical enquistada en el partido Fuerza 2011.<\/span><\/p>\n<p><span style=\"color: #000000;\">De acuerdo a testimonio de testigos protegidos presentados por el fiscal Jos\u00e9 Domingo P\u00e9rez, Bertini fue contactado por Jorge Yoshiyama Sasaki para que figure como aportante falso de la campa\u00f1a de Keiko Fujimori<\/span><\/p>\n<p><span style=\"color: #000000;\">Posteriormente, Bertini tambi\u00e9n se encarg\u00f3 de buscar otras personas que fungieran como financistas de la campa\u00f1a electoral de la lideresa fujimorista y para que depositaran el dinero il\u00edcito en las cuentas de Fuerza 2011.<\/span><\/p>\n<p><span style=\"color: #000000;\">Bertini no se present\u00f3 a ninguna de las audiencias de prisi\u00f3n preventiva contra los miembros de Fuerza Popular y desde que el juez dict\u00f3 36 meses de prisi\u00f3n preventiva en su contra se encuentraba en la condici\u00f3n de no habido.<\/span><\/p>\n","protected":false},"excerpt":{"rendered":"<p>Giancarlo Bertini Vivanco, sindicado por la Fiscal\u00eda como uno de los encargados de camuflar los aportes il\u00edcitos en la campa\u00f1a de Fuerza 2011, fue capturado en Italia. Lima, 04 de Enero 2019, (ANDINA).&#8211; Giancarlo Bertini Vivanco, sindicado por la Fiscal\u00eda como uno de los encargados de camuflar los aportes il\u00edcitos en la campa\u00f1a de Fuerza [&hellip;]<\/p>\n","protected":false},"author":1,"featured_media":40740,"comment_status":"open","ping_status":"open","sticky":false,"template":"","format":"standard","meta":{"rop_custom_images_group":[],"rop_custom_messages_group":[],"rop_publish_now":"initial","rop_publish_now_accounts":[],"rop_publish_now_history":[],"rop_publish_now_status":"pending","footnotes":""},"categories":[5],"tags":[3841],"class_list":["post-40738","post","type-post","status-publish","format-standard","has-post-thumbnail","hentry","category-actualidad-informativa","tag-giancarlo-bertini"],"_links":{"self":[{"href":"https:\/\/elinformanteperu.com\/index.php\/wp-json\/wp\/v2\/posts\/40738","targetHints":{"allow":["GET"]}}],"collection":[{"href":"https:\/\/elinformanteperu.com\/index.php\/wp-json\/wp\/v2\/posts"}],"about":[{"href":"https:\/\/elinformanteperu.com\/index.php\/wp-json\/wp\/v2\/types\/post"}],"author":[{"embeddable":true,"href":"https:\/\/elinformanteperu.com\/index.php\/wp-json\/wp\/v2\/users\/1"}],"replies":[{"embeddable":true,"href":"https:\/\/elinformanteperu.com\/index.php\/wp-json\/wp\/v2\/comments?post=40738"}],"version-history":[{"count":1,"href":"https:\/\/elinformanteperu.com\/index.php\/wp-json\/wp\/v2\/posts\/40738\/revisions"}],"predecessor-version":[{"id":40741,"href":"https:\/\/elinformanteperu.com\/index.php\/wp-json\/wp\/v2\/posts\/40738\/revisions\/40741"}],"wp:featuredmedia":[{"embeddable":true,"href":"https:\/\/elinformanteperu.com\/index.php\/wp-json\/wp\/v2\/media\/40740"}],"wp:attachment":[{"href":"https:\/\/elinformanteperu.com\/index.php\/wp-json\/wp\/v2\/media?parent=40738"}],"wp:term":[{"taxonomy":"category","embeddable":true,"href":"https:\/\/elinformanteperu.com\/index.php\/wp-json\/wp\/v2\/categories?post=40738"},{"taxonomy":"post_tag","embeddable":true,"href":"https:\/\/elinformanteperu.com\/index.php\/wp-json\/wp\/v2\/tags?post=40738"}],"curies":[{"name":"wp","href":"https:\/\/api.w.org\/{rel}","templated":true}]}}