{"id":40734,"date":"2019-01-05T11:10:04","date_gmt":"2019-01-05T16:10:04","guid":{"rendered":"http:\/\/elinformanteperu.com\/?p=40734"},"modified":"2019-01-05T11:10:04","modified_gmt":"2019-01-05T16:10:04","slug":"nuevo-peru-presenta-otra-acusacion-constitucional-contra-chavarry","status":"publish","type":"post","link":"https:\/\/elinformanteperu.com\/index.php\/2019\/01\/05\/nuevo-peru-presenta-otra-acusacion-constitucional-contra-chavarry\/","title":{"rendered":"Nuevo Per\u00fa presenta otra acusaci\u00f3n constitucional contra Ch\u00e1varry"},"content":{"rendered":"<p><strong><span style=\"color: #000000;\">La bancada Nuevo Per\u00fa inform\u00f3 que present\u00f3 una nueva acusaci\u00f3n constitucional contra el fiscal de la Naci\u00f3n, Pedro Ch\u00e1varry, por intentar de entorpecer la corrupci\u00f3n.<\/span><\/strong><\/p>\n<p><span style=\"color: #000000;\"><strong>Lima, 04 de Enero 2019, (ANDINA).-<\/strong> La bancada Nuevo Per\u00fa inform\u00f3 que present\u00f3 una nueva acusaci\u00f3n constitucional contra el fiscal de la Naci\u00f3n, Pedro Ch\u00e1varry, por intentar entorpecer la lucha contra la corrupci\u00f3n en el pa\u00eds.<\/span><\/p>\n<p><span style=\"color: #000000;\">En el documento remitido a la Subcomisi\u00f3n de Acusaci\u00f3n Constitucionales, la bancada Nuevo Per\u00fa argument\u00f3 que Pedro Ch\u00e1varry al separar a los fiscales Jos\u00e9 Domingo P\u00e9rez y Rafael Vela de sus cargos, intent\u00f3 entorpecer lucha contra la corrupci\u00f3n en el Per\u00fa.<\/span><\/p>\n<p><span style=\"color: #000000;\">Detall\u00f3 que ello que constituye una infracci\u00f3n a los art\u00edculos 39, 41 y 43 de la Constituci\u00f3n Pol\u00edtica del Per\u00fa.<\/span><\/p>\n<p><span style=\"color: #000000;\">En la Subcomisi\u00f3n de Acusaciones Constitucionales, que preside el congresista fujimorista C\u00e9sar Segura, se encuentran pendientes diversas denuncias constitucionales contra Pedro Ch\u00e1varry.<\/span><\/p>\n<p><span style=\"color: #000000;\">Una de las denuncias constitucionales contra Pedro Ch\u00e1varry se fundamenta en su vinculaci\u00f3n con el caso los \u00abCuellos Blancos del Puerto\u00bb, la cual fue revelada en una serie de audios difundidos por IDL- Reporteros.<\/span><\/p>\n","protected":false},"excerpt":{"rendered":"<p>La bancada Nuevo Per\u00fa inform\u00f3 que present\u00f3 una nueva acusaci\u00f3n constitucional contra el fiscal de la Naci\u00f3n, Pedro Ch\u00e1varry, por intentar de entorpecer la corrupci\u00f3n. Lima, 04 de Enero 2019, (ANDINA).- La bancada Nuevo Per\u00fa inform\u00f3 que present\u00f3 una nueva acusaci\u00f3n constitucional contra el fiscal de la Naci\u00f3n, Pedro Ch\u00e1varry, por intentar entorpecer la lucha [&hellip;]<\/p>\n","protected":false},"author":1,"featured_media":40736,"comment_status":"open","ping_status":"open","sticky":false,"template":"","format":"standard","meta":{"rop_custom_images_group":[],"rop_custom_messages_group":[],"rop_publish_now":"initial","rop_publish_now_accounts":[],"rop_publish_now_history":[],"rop_publish_now_status":"pending","footnotes":""},"categories":[5],"tags":[192,2428,446,3209],"class_list":["post-40734","post","type-post","status-publish","format-standard","has-post-thumbnail","hentry","category-actualidad-informativa","tag-congreso","tag-idl-reporteros","tag-nuevo-peru","tag-pedro-chavarry"],"_links":{"self":[{"href":"https:\/\/elinformanteperu.com\/index.php\/wp-json\/wp\/v2\/posts\/40734","targetHints":{"allow":["GET"]}}],"collection":[{"href":"https:\/\/elinformanteperu.com\/index.php\/wp-json\/wp\/v2\/posts"}],"about":[{"href":"https:\/\/elinformanteperu.com\/index.php\/wp-json\/wp\/v2\/types\/post"}],"author":[{"embeddable":true,"href":"https:\/\/elinformanteperu.com\/index.php\/wp-json\/wp\/v2\/users\/1"}],"replies":[{"embeddable":true,"href":"https:\/\/elinformanteperu.com\/index.php\/wp-json\/wp\/v2\/comments?post=40734"}],"version-history":[{"count":1,"href":"https:\/\/elinformanteperu.com\/index.php\/wp-json\/wp\/v2\/posts\/40734\/revisions"}],"predecessor-version":[{"id":40737,"href":"https:\/\/elinformanteperu.com\/index.php\/wp-json\/wp\/v2\/posts\/40734\/revisions\/40737"}],"wp:featuredmedia":[{"embeddable":true,"href":"https:\/\/elinformanteperu.com\/index.php\/wp-json\/wp\/v2\/media\/40736"}],"wp:attachment":[{"href":"https:\/\/elinformanteperu.com\/index.php\/wp-json\/wp\/v2\/media?parent=40734"}],"wp:term":[{"taxonomy":"category","embeddable":true,"href":"https:\/\/elinformanteperu.com\/index.php\/wp-json\/wp\/v2\/categories?post=40734"},{"taxonomy":"post_tag","embeddable":true,"href":"https:\/\/elinformanteperu.com\/index.php\/wp-json\/wp\/v2\/tags?post=40734"}],"curies":[{"name":"wp","href":"https:\/\/api.w.org\/{rel}","templated":true}]}}