{"id":40694,"date":"2019-01-05T10:06:37","date_gmt":"2019-01-05T15:06:37","guid":{"rendered":"http:\/\/elinformanteperu.com\/?p=40694"},"modified":"2019-01-05T10:06:37","modified_gmt":"2019-01-05T15:06:37","slug":"chavarry-yo-me-someto-a-la-junta-de-fiscales-supremos","status":"publish","type":"post","link":"https:\/\/elinformanteperu.com\/index.php\/2019\/01\/05\/chavarry-yo-me-someto-a-la-junta-de-fiscales-supremos\/","title":{"rendered":"Ch\u00e1varry: \u201cYo me someto a la Junta de Fiscales Supremos"},"content":{"rendered":"<p><strong><span style=\"color: #000000;\">El fiscal de la Naci\u00f3n, Pedro Ch\u00e1varry, asever\u00f3 que se somete a la decisi\u00f3n de la Junta de Fiscales Supremos para definir su permanencia en el cargo.<\/span><\/strong><\/p>\n<p><span style=\"color: #000000;\"><strong>Lima, 04 de Enero 2019, (ANDINA).-<\/strong> El fiscal de la Naci\u00f3n, Pedro Ch\u00e1varry, asever\u00f3 que se somete a la decisi\u00f3n de la Junta de Fiscales Supremos para definir su permanencia en el cargo, e indic\u00f3 que ning\u00fan fiscal, ni el de la Naci\u00f3n, es imprescindible.<\/span><\/p>\n<p><span style=\"color: #000000;\">\u201c(\u2026) Lo vamos a resolver en su oportunidad (su permanencia en el cargo) ante el \u00f3rgano que me nombr\u00f3, que es la Junta de Fiscales Supremos (&#8230;) y reiterar que ning\u00fan fiscal, ni el de la Naci\u00f3n, es imprescindible\u201d, declar\u00f3 a Bluradio de Colombia.<\/span><\/p>\n<p><span style=\"color: #000000;\">Se defini\u00f3 como una persona respetuosa de las leyes, por eso, dijo, \u201cme someto a la Junta de Fiscales Supremos y al Congreso\u201d.<\/span><\/p>\n<p><span style=\"color: #000000;\">El Poder Ejecutivo ha entregado al Parlamento un proyecto de ley para declarar en emergencia y reorganizar el Ministerio P\u00fablico.<\/span><\/p>\n<p><span style=\"color: #000000;\">A juicio de Ch\u00e1varry dicha propuesta es inconstitucional.<\/span><\/p>\n<p><strong><span style=\"color: #000000;\">Movilizaciones<\/span><\/strong><\/p>\n<p><span style=\"color: #000000;\">El fiscal Ch\u00e1varry asegur\u00f3 que no se siente presionado por las marchas en su contra para renunciar, e indic\u00f3 que las movilizaciones son utilizadas por grupos interesados.<\/span><\/p>\n<p><span style=\"color: #000000;\">\u201cEsos grupos humanos que desfilan por la ciudad est\u00e1n siendo utilizados, pero yo no me dejo presionar por esas situaciones. La verdad y la realidad me va obligar a tomar las decisiones m\u00e1s sanas para mi instituci\u00f3n y el Per\u00fa\u201d, a\u00f1adi\u00f3.<\/span><\/p>\n<p><strong><span style=\"color: #000000;\">Fiscales P\u00e9rez y Vela<\/span><\/strong><\/p>\n<p><span style=\"color: #000000;\">Asimismo, se defendi\u00f3 de los cuestionamientos en su contra por haber removido a los fiscales Jos\u00e9 Domingo P\u00e9rez y Rafael Vela del equipo especial Lava Jato, y dos d\u00edas despu\u00e9s retractarse y ratificarlos en sus cargos.<\/span><\/p>\n<p><span style=\"color: #000000;\">\u00abPrecisamente, para no retrasar las diligencias que se ten\u00edan en Brasil es que de inmediato tome la decisi\u00f3n de reponerlos en el cargo y decirles que contin\u00faen\u201d, aclar\u00f3.<\/span><\/p>\n<p><span style=\"color: #000000;\">\u201cEste caso es sumamente delicado para mi pa\u00eds\u201d, declar\u00f3.<\/span><\/p>\n<p><span style=\"color: #000000;\">Seg\u00fan Ch\u00e1varry, la falta de comunicaci\u00f3n con P\u00e9rez y P\u00e9rez respecto a temas administrativos lo motiv\u00f3 a retirarlos de la investigaci\u00f3n. \u201cNadie puede decir que yo me he inmiscuido en su trabajo\u201d, aclar\u00f3.<\/span><br \/>\n<span style=\"color: #000000;\">Keiko Fujimori.<\/span><\/p>\n<p><span style=\"color: #000000;\">Adem\u00e1s, el titular del Ministerio P\u00fablico neg\u00f3 v\u00ednculos con la lideresa de Fuerza Popular, Keiko Fujimori, y su padre, el expresidente Alberto Fujimori.<\/span><\/p>\n<p><span style=\"color: #000000;\">\u201c(A Keiko Fujimori) no la conozco, solamente por los medios, nunca he hablado con ella. No la conozco. S\u00e9 qui\u00e9n es, es de una familia muy conocida porque su padre fue Presidente, pero no tengo ning\u00fan tipo de vinculaci\u00f3n con ella\u201d, indic\u00f3 Ch\u00e1varry, quien tambi\u00e9n neg\u00f3 conocer a Alberto Fujimori.<\/span><\/p>\n<p>https:\/\/soundcloud.com\/peru21pe\/entrevista-a-pedro-chavarry-bluradio-colombia<\/p>\n","protected":false},"excerpt":{"rendered":"<p>El fiscal de la Naci\u00f3n, Pedro Ch\u00e1varry, asever\u00f3 que se somete a la decisi\u00f3n de la Junta de Fiscales Supremos para definir su permanencia en el cargo. Lima, 04 de Enero 2019, (ANDINA).- El fiscal de la Naci\u00f3n, Pedro Ch\u00e1varry, asever\u00f3 que se somete a la decisi\u00f3n de la Junta de Fiscales Supremos para definir [&hellip;]<\/p>\n","protected":false},"author":1,"featured_media":35292,"comment_status":"open","ping_status":"open","sticky":false,"template":"","format":"standard","meta":{"rop_custom_images_group":[],"rop_custom_messages_group":[],"rop_publish_now":"initial","rop_publish_now_accounts":[],"rop_publish_now_history":[],"rop_publish_now_status":"pending","footnotes":""},"categories":[5],"tags":[430,370,3209],"class_list":["post-40694","post","type-post","status-publish","format-standard","has-post-thumbnail","hentry","category-actualidad-informativa","tag-fiscalia","tag-ministerio-publico","tag-pedro-chavarry"],"_links":{"self":[{"href":"https:\/\/elinformanteperu.com\/index.php\/wp-json\/wp\/v2\/posts\/40694","targetHints":{"allow":["GET"]}}],"collection":[{"href":"https:\/\/elinformanteperu.com\/index.php\/wp-json\/wp\/v2\/posts"}],"about":[{"href":"https:\/\/elinformanteperu.com\/index.php\/wp-json\/wp\/v2\/types\/post"}],"author":[{"embeddable":true,"href":"https:\/\/elinformanteperu.com\/index.php\/wp-json\/wp\/v2\/users\/1"}],"replies":[{"embeddable":true,"href":"https:\/\/elinformanteperu.com\/index.php\/wp-json\/wp\/v2\/comments?post=40694"}],"version-history":[{"count":1,"href":"https:\/\/elinformanteperu.com\/index.php\/wp-json\/wp\/v2\/posts\/40694\/revisions"}],"predecessor-version":[{"id":40696,"href":"https:\/\/elinformanteperu.com\/index.php\/wp-json\/wp\/v2\/posts\/40694\/revisions\/40696"}],"wp:featuredmedia":[{"embeddable":true,"href":"https:\/\/elinformanteperu.com\/index.php\/wp-json\/wp\/v2\/media\/35292"}],"wp:attachment":[{"href":"https:\/\/elinformanteperu.com\/index.php\/wp-json\/wp\/v2\/media?parent=40694"}],"wp:term":[{"taxonomy":"category","embeddable":true,"href":"https:\/\/elinformanteperu.com\/index.php\/wp-json\/wp\/v2\/categories?post=40694"},{"taxonomy":"post_tag","embeddable":true,"href":"https:\/\/elinformanteperu.com\/index.php\/wp-json\/wp\/v2\/tags?post=40694"}],"curies":[{"name":"wp","href":"https:\/\/api.w.org\/{rel}","templated":true}]}}