{"id":40667,"date":"2019-01-04T19:44:35","date_gmt":"2019-01-05T00:44:35","guid":{"rendered":"http:\/\/elinformanteperu.com\/?p=40667"},"modified":"2019-01-04T19:48:04","modified_gmt":"2019-01-05T00:48:04","slug":"10-datos-imperdibles-sobre-la-nueva-temporada-de-spider-man-de-marvel","status":"publish","type":"post","link":"https:\/\/elinformanteperu.com\/index.php\/2019\/01\/04\/10-datos-imperdibles-sobre-la-nueva-temporada-de-spider-man-de-marvel\/","title":{"rendered":"10 datos imperdibles sobre la nueva temporada de Spider-Man, de Marvel"},"content":{"rendered":"<p><strong><span style=\"color: #000000;\">Este s\u00e1bado 5 de enero, Disney XD estrena la nueva temporada de Spider-Man, de Marvel, la serie que se remonta a los or\u00edgenes del legendario ar\u00e1cnido.<\/span><\/strong><\/p>\n<p><span style=\"color: #000000;\"><strong>Lima, 04 de Enero 2019, (El Informante Per\u00fa).-<\/strong> El s\u00e1bado 5 de enero a las 9:00 en Disney XD se estrena la nueva temporada de Spider-Man, de Marvel, la serie que se remonta a los or\u00edgenes del legendario S\u00faper H\u00e9roe ar\u00e1cnido y ya es favorita de los fans del canal.<\/span><\/p>\n<p><span style=\"color: #000000;\">En la cuenta regresiva hacia la llegada de los esperados nuevos episodios, compartimos 10 datos que hay que saber acerca de lo que se viene para Peter Parker, Spider-Man y el resto de los personajes de la serie.<\/span><\/p>\n<p><strong><span style=\"color: #000000;\">Villanos ic\u00f3nicos<\/span><\/strong><br \/>\n<span style=\"color: #000000;\">La nueva temporada de Spider-Man, de Marvel cuenta con la presencia de un listado incre\u00edble de villanos cl\u00e1sicos. Entre otros, har\u00e1n sus apariciones Adrian Toomes, Mysterio, El Camale\u00f3n, Electro y Jack O\u2019 Lantern.<\/span><\/p>\n<p><strong><span style=\"color: #000000;\">Honrar el legado<\/span><\/strong><br \/>\n<span style=\"color: #000000;\">Los episodios de la nueva temporada est\u00e1n en gran parte inspirados en el trabajo de Dan Slott, reconocido autor de c\u00f3mics de Marvel y responsable de t\u00edtulos como The Amazing Spider-Man y The Superior Spider-Man. Sus historias fueron retomadas por el equipo detr\u00e1s de los guiones de la serie.<\/span><\/p>\n<p><strong><span style=\"color: #000000;\">M\u00e1s humor<\/span><\/strong><br \/>\n<span style=\"color: #000000;\">El caracter\u00edstico sentido del humor de \u201cSpidey\u201d tambi\u00e9n dice presente en la nueva temporada. El equipo creativo de la serie disfruta much\u00edsimo de las bromas y ocurrencias del personaje, y no dud\u00f3 en incorporarlas nuevamente en los episodios.<\/span><\/p>\n<p><strong><span style=\"color: #000000;\">Periodismo moderno<\/span><\/strong><br \/>\n<span style=\"color: #000000;\">El ic\u00f3nico peri\u00f3dico El Daily Bugle, donde Peter Parker trabaja como periodista, tendr\u00e1 protagonismo en los nuevos episodios de la serie. En pleno siglo XXI, sin embargo, ser\u00e1 una plataforma digital en vez de un medio en papel.<\/span><\/p>\n<p><strong><span style=\"color: #000000;\">In memoriam<\/span><\/strong><br \/>\n<span style=\"color: #000000;\">El episodio de la nueva temporada titulado \u201cEl regreso de Venom\u201d, que se emitir\u00e1 el s\u00e1bado 26 de enero, est\u00e1 dedicado a la memoria del legendario artista y escritor de Marvel Steve Ditko, co-creador junto a Stan Lee de Spider-Man y Doctor Strange. Ditko falleci\u00f3 en julio de este a\u00f1o a los 90 a\u00f1os, dejando un valioso legado en el universo del c\u00f3mic.<\/span><\/p>\n<p><strong><span style=\"color: #000000;\">No molestar: genios aprendiendo<\/span><\/strong><br \/>\n<span style=\"color: #000000;\">Bajo la direcci\u00f3n del personaje Max Modell, Peter Parker seguir\u00e1 alimentando su cerebro en la escuela preparatoria Horizon High. La prestigiosa academia para mentes brillantes hace referencia a Horizon Labs, la reconocida compa\u00f1\u00eda de tecnolog\u00eda (en universo ficcional de Marvel) propiedad de Modell.<\/span><\/p>\n<p><strong><span style=\"color: #000000;\">Chicas con poder<\/span><\/strong><br \/>\n<span style=\"color: #000000;\">Gwen y Anya, los personajes femeninos centrales de la serie, se ver\u00e1n m\u00e1s determinadas y poderosas que nunca en la nueva temporada de Spider-Man, de Marvel. Combinando sus estudios en Horizon High con sus aventuras como S\u00faper Hero\u00ednas, demostrar\u00e1n que son capaces de alcanzar todo lo que se proponen a la hora de hacer el Bien.<\/span><\/p>\n<p><strong><span style=\"color: #000000;\">I love New York<\/span><\/strong><br \/>\n<span style=\"color: #000000;\">La ciudad de Nueva York sigue siendo protagonista indiscutida de la serie. Una vez m\u00e1s, habr\u00e1 escenas a pura adrenalina en algunos de sus rincones m\u00e1s ic\u00f3nicos. \u00bfUn adelanto? Spider-Man se enfrentar\u00e1 a Jack O\u2019Lantern en el puente de Brooklyn.<\/span><\/p>\n<p><strong><span style=\"color: #000000;\">T\u00eda incondicional<\/span><\/strong><br \/>\n<span style=\"color: #000000;\">La querida T\u00eda May tambi\u00e9n es parte esencial de los nuevos episodios de Spider-Man, de Marvel. Una vez m\u00e1s, en las buenas y en las malas, estar\u00e1 all\u00ed para acompa\u00f1ar a su sobrino Peter y darle el apoyo que necesita en esta nueva etapa de estudiante en Horizon High&#8230; especialmente cuando una nueva amenaza sin precedentes pone en jaque la vida personal de Spider-Man.<\/span><\/p>\n<p><strong><span style=\"color: #000000;\">Soy tu fan<\/span><\/strong><br \/>\n<span style=\"color: #000000;\">Por \u00faltimo, un dato acerca del equipo detr\u00e1s de la serie. Tanto los ejecutivos de Marvel como los integrantes del equipo creativo que trabaja diariamente en los episodios confiesan ser fan\u00e1ticos empedernidos de Spider-Man. Todos aman al S\u00faper H\u00e9roe ar\u00e1cnido y sue\u00f1an con seguir creando historias para \u00e9l en los a\u00f1os que vendr\u00e1n. Sin duda, \u201cSpidey\u201d est\u00e1 en buenas manos.<\/span><\/p>\n<p><img fetchpriority=\"high\" decoding=\"async\" class=\"aligncenter wp-image-40672\" src=\"http:\/\/elinformanteperu.com\/wp-content\/uploads\/2019\/01\/spiderman5.jpg\" alt=\"\" width=\"462\" height=\"239\" srcset=\"https:\/\/elinformanteperu.com\/wp-content\/uploads\/2019\/01\/spiderman5.jpg 383w, https:\/\/elinformanteperu.com\/wp-content\/uploads\/2019\/01\/spiderman5-300x155.jpg 300w, https:\/\/elinformanteperu.com\/wp-content\/uploads\/2019\/01\/spiderman5-128x66.jpg 128w, https:\/\/elinformanteperu.com\/wp-content\/uploads\/2019\/01\/spiderman5-32x17.jpg 32w\" sizes=\"(max-width: 462px) 100vw, 462px\" \/><\/p>\n<p><span style=\"color: #000000;\"><strong>Segunda temporada<\/strong><\/span><\/p>\n<p><span style=\"color: #000000;\">En esta segunda temporada de Spider-Man, de Marvel, encuentra a Peter Parker en su \u00absegundo a\u00f1o\u00bb, ya que no es m\u00e1s un S\u00faper H\u00e9roe ni estudiante nuevo e inexperto del intimidante Horizon High.<\/span><\/p>\n<p><span style=\"color: #000000;\">Sin embargo, sus enemigos tambi\u00e9n han dejado de ser inexpertos y la creciente Galer\u00eda de villanos est\u00e1 enfocada en derribar a Spider-Man.<\/span><\/p>\n<p><span style=\"color: #000000;\">Retomando los acontecimientos del final de la primera temporada, los riesgos ahora son mucho mayores en la vida personal de Peter y la vida de S\u00faper H\u00e9roe Spider-Man. Adem\u00e1s, deber\u00e1 aprender a equilibrar su trabajo en el \u00abDaily Bugle\u00bb para pagar matr\u00edcula de la prestigiosa Horizon High mientras se las ingenia para sobrevivir a los obst\u00e1culos de Doc Ock en un intento por deshacerse de Spider-Man de una vez por todas.<\/span><\/p>\n<p><span style=\"color: #000000;\">Repleta de acci\u00f3n, la nueva temporada continuar\u00e1 tocando las cl\u00e1sicas tem\u00e1ticas con las que la audiencia se identifica como amistad, lealtad y hero\u00edsmo, permaneciendo fiel a su caracter\u00edstico humor. No te la pierdas.<\/span><\/p>\n<p><iframe title=\"Vistazo | Spider-Man de Marvel\" width=\"615\" height=\"346\" src=\"https:\/\/www.youtube.com\/embed\/35vnKM3iN-Q?list=PLCqPoEhJGCXeHOVibG5J5LS4sR3ki15OA\" frameborder=\"0\" allow=\"accelerometer; autoplay; clipboard-write; encrypted-media; gyroscope; picture-in-picture; web-share\" referrerpolicy=\"strict-origin-when-cross-origin\" allowfullscreen><\/iframe><\/p>\n","protected":false},"excerpt":{"rendered":"<p>Este s\u00e1bado 5 de enero, Disney XD estrena la nueva temporada de Spider-Man, de Marvel, la serie que se remonta a los or\u00edgenes del legendario ar\u00e1cnido. Lima, 04 de Enero 2019, (El Informante Per\u00fa).- El s\u00e1bado 5 de enero a las 9:00 en Disney XD se estrena la nueva temporada de Spider-Man, de Marvel, la [&hellip;]<\/p>\n","protected":false},"author":1,"featured_media":40669,"comment_status":"open","ping_status":"open","sticky":false,"template":"","format":"standard","meta":{"rop_custom_images_group":[],"rop_custom_messages_group":[],"rop_publish_now":"initial","rop_publish_now_accounts":[],"rop_publish_now_history":[],"rop_publish_now_status":"pending","footnotes":""},"categories":[70],"tags":[490,4001,1841,3948],"class_list":["post-40667","post","type-post","status-publish","format-standard","has-post-thumbnail","hentry","category-farandula","tag-spider-man-homecoming","tag-spider-man","tag-spider-man-de-regreso-a-casa","tag-spider-man-un-nuevo-universo"],"_links":{"self":[{"href":"https:\/\/elinformanteperu.com\/index.php\/wp-json\/wp\/v2\/posts\/40667","targetHints":{"allow":["GET"]}}],"collection":[{"href":"https:\/\/elinformanteperu.com\/index.php\/wp-json\/wp\/v2\/posts"}],"about":[{"href":"https:\/\/elinformanteperu.com\/index.php\/wp-json\/wp\/v2\/types\/post"}],"author":[{"embeddable":true,"href":"https:\/\/elinformanteperu.com\/index.php\/wp-json\/wp\/v2\/users\/1"}],"replies":[{"embeddable":true,"href":"https:\/\/elinformanteperu.com\/index.php\/wp-json\/wp\/v2\/comments?post=40667"}],"version-history":[{"count":4,"href":"https:\/\/elinformanteperu.com\/index.php\/wp-json\/wp\/v2\/posts\/40667\/revisions"}],"predecessor-version":[{"id":40674,"href":"https:\/\/elinformanteperu.com\/index.php\/wp-json\/wp\/v2\/posts\/40667\/revisions\/40674"}],"wp:featuredmedia":[{"embeddable":true,"href":"https:\/\/elinformanteperu.com\/index.php\/wp-json\/wp\/v2\/media\/40669"}],"wp:attachment":[{"href":"https:\/\/elinformanteperu.com\/index.php\/wp-json\/wp\/v2\/media?parent=40667"}],"wp:term":[{"taxonomy":"category","embeddable":true,"href":"https:\/\/elinformanteperu.com\/index.php\/wp-json\/wp\/v2\/categories?post=40667"},{"taxonomy":"post_tag","embeddable":true,"href":"https:\/\/elinformanteperu.com\/index.php\/wp-json\/wp\/v2\/tags?post=40667"}],"curies":[{"name":"wp","href":"https:\/\/api.w.org\/{rel}","templated":true}]}}