{"id":40661,"date":"2019-01-04T18:42:05","date_gmt":"2019-01-04T23:42:05","guid":{"rendered":"http:\/\/elinformanteperu.com\/?p=40661"},"modified":"2019-01-04T18:42:05","modified_gmt":"2019-01-04T23:42:05","slug":"el-exceso-de-sol-sin-proteccion-puede-tener-efectos-muy-nocivos","status":"publish","type":"post","link":"https:\/\/elinformanteperu.com\/index.php\/2019\/01\/04\/el-exceso-de-sol-sin-proteccion-puede-tener-efectos-muy-nocivos\/","title":{"rendered":"El exceso de sol sin protecci\u00f3n puede tener efectos muy nocivos"},"content":{"rendered":"<p><strong><span style=\"color: #000000;\">El exceso de sol sin protecci\u00f3n puede tener efectos muy nocivos. Las consecuencias a largo plazo son la aparici\u00f3n de manchas y arrugas, aparici\u00f3n de lunares\u00a0<\/span><span style=\"color: #000000;\">hasta c\u00e1ncer de piel.<\/span><\/strong><\/p>\n<p><span style=\"color: #000000;\"><strong>Lima, 04 de Enero 2019, (El Informante Per\u00fa).-<\/strong> El exceso de sol sin protecci\u00f3n puede tener efectos muy nocivos. Las consecuencias m\u00e1s reconocidas a largo plazo son la aparici\u00f3n de manchas y arrugas, aparici\u00f3n de lunares, variadas alteraciones oculares hasta c\u00e1ncer de piel, as\u00ed lo indic\u00f3 el doctor, Mauricio Le\u00f3n Rivera, director m\u00e9dico del Centro Detector del C\u00e1ncer y cirujano onc\u00f3logo de la Cl\u00ednica Ricardo Palma.<\/span><\/p>\n<p><span style=\"color: #000000;\">Recalc\u00f3 que, durante el verano, la piel se encuentra m\u00e1s expuesta a los rayos ultravioleta, especialmente en los picos m\u00e1s elevados entre las once de la ma\u00f1ana a las tres de la tarde, horarios donde son m\u00e1s fuertes y hacen m\u00e1s da\u00f1o.<\/span><\/p>\n<p><span style=\"color: #000000;\">Se\u00f1al\u00f3 que cuando se llevan a cabo actividades al aire libre se debe utilizar ropa de algod\u00f3n holgada y si es de color oscuro, mejor, ya que son las que m\u00e1s protegen del sol, sombreros de ala ancha y anteojos de sol con protecci\u00f3n ultravioleta.<\/span><\/p>\n<p><span style=\"color: #000000;\">Adem\u00e1s, recomend\u00f3 utilizar protector solar mayor o igual a 35 FPS (Factor de Protecci\u00f3n Solar) aplic\u00e1ndolo media hora antes de la exposici\u00f3n al sol y renov\u00e1ndolo cada dos horas o luego del ba\u00f1o o de hacer ejercicio, evitar la exposici\u00f3n solar de beb\u00e9s menores de un a\u00f1o y elegir lugares con sombra.<\/span><\/p>\n<p><span style=\"color: #000000;\">Aclar\u00f3 que los medios artificiales de radiaci\u00f3n para tomar color en la piel son igualmente malos, las dosis de UV artificiales se suman a las dosis de UV del sol y refuerzan el efecto cancer\u00edgeno.<\/span><\/p>\n<p><span style=\"color: #000000;\">El especialista resalt\u00f3 que, el 15% de casos de c\u00e1ncer de piel proviene de lesiones o lunares que degeneraron por la peligrosa radiaci\u00f3n ultravioleta (UV- B).<\/span><\/p>\n","protected":false},"excerpt":{"rendered":"<p>El exceso de sol sin protecci\u00f3n puede tener efectos muy nocivos. Las consecuencias a largo plazo son la aparici\u00f3n de manchas y arrugas, aparici\u00f3n de lunares\u00a0hasta c\u00e1ncer de piel. Lima, 04 de Enero 2019, (El Informante Per\u00fa).- El exceso de sol sin protecci\u00f3n puede tener efectos muy nocivos. Las consecuencias m\u00e1s reconocidas a largo plazo [&hellip;]<\/p>\n","protected":false},"author":1,"featured_media":20512,"comment_status":"open","ping_status":"open","sticky":false,"template":"","format":"standard","meta":{"rop_custom_images_group":[],"rop_custom_messages_group":[],"rop_publish_now":"initial","rop_publish_now_accounts":[],"rop_publish_now_history":[],"rop_publish_now_status":"pending","footnotes":""},"categories":[10],"tags":[395,394],"class_list":["post-40661","post","type-post","status-publish","format-standard","has-post-thumbnail","hentry","category-actualidad-municipal","tag-clinica-ricardo-palma","tag-mauricio-leon-rivera"],"_links":{"self":[{"href":"https:\/\/elinformanteperu.com\/index.php\/wp-json\/wp\/v2\/posts\/40661","targetHints":{"allow":["GET"]}}],"collection":[{"href":"https:\/\/elinformanteperu.com\/index.php\/wp-json\/wp\/v2\/posts"}],"about":[{"href":"https:\/\/elinformanteperu.com\/index.php\/wp-json\/wp\/v2\/types\/post"}],"author":[{"embeddable":true,"href":"https:\/\/elinformanteperu.com\/index.php\/wp-json\/wp\/v2\/users\/1"}],"replies":[{"embeddable":true,"href":"https:\/\/elinformanteperu.com\/index.php\/wp-json\/wp\/v2\/comments?post=40661"}],"version-history":[{"count":1,"href":"https:\/\/elinformanteperu.com\/index.php\/wp-json\/wp\/v2\/posts\/40661\/revisions"}],"predecessor-version":[{"id":40663,"href":"https:\/\/elinformanteperu.com\/index.php\/wp-json\/wp\/v2\/posts\/40661\/revisions\/40663"}],"wp:featuredmedia":[{"embeddable":true,"href":"https:\/\/elinformanteperu.com\/index.php\/wp-json\/wp\/v2\/media\/20512"}],"wp:attachment":[{"href":"https:\/\/elinformanteperu.com\/index.php\/wp-json\/wp\/v2\/media?parent=40661"}],"wp:term":[{"taxonomy":"category","embeddable":true,"href":"https:\/\/elinformanteperu.com\/index.php\/wp-json\/wp\/v2\/categories?post=40661"},{"taxonomy":"post_tag","embeddable":true,"href":"https:\/\/elinformanteperu.com\/index.php\/wp-json\/wp\/v2\/tags?post=40661"}],"curies":[{"name":"wp","href":"https:\/\/api.w.org\/{rel}","templated":true}]}}