{"id":40655,"date":"2019-01-04T18:37:32","date_gmt":"2019-01-04T23:37:32","guid":{"rendered":"http:\/\/elinformanteperu.com\/?p=40655"},"modified":"2019-01-04T18:37:32","modified_gmt":"2019-01-04T23:37:32","slug":"mvcs-garantiza-abastecimiento-de-agua-para-lima-y-callao-durante-el-verano-2019","status":"publish","type":"post","link":"https:\/\/elinformanteperu.com\/index.php\/2019\/01\/04\/mvcs-garantiza-abastecimiento-de-agua-para-lima-y-callao-durante-el-verano-2019\/","title":{"rendered":"MVCS garantiza abastecimiento de agua para Lima y Callao durante el verano 2019"},"content":{"rendered":"<p><strong><span style=\"color: #000000;\">Ministro Javier Piqu\u00e9 inspeccion\u00f3 planta de La Atarjea, donde recibi\u00f3 informaci\u00f3n detallada de las acciones que se vienen realizando por parte de Sedapal.<\/span><\/strong><\/p>\n<p><span style=\"color: #000000;\"><strong>Lima, 04 de Enero 2019, (El Informante Per\u00fa).-<\/strong> El ministro de Vivienda, Construcci\u00f3n y Saneamiento, Javier Piqu\u00e9, inspeccion\u00f3 la planta de La Atarjea, con la finalidad de verificar de que la capacidad de almacenamiento sea la adecuada, para abastecer de agua potable a los hogares de Lima y Callao durante los meses de verano del presente a\u00f1o.<\/span><\/p>\n<p><span style=\"color: #000000;\">En el lugar, ingenieros y especialistas de Sedapal brindaron una explicaci\u00f3n detallada de las acciones que se vienen realizando para que el abastecimiento de agua se realice con normalidad, mediante la producci\u00f3n de agua de plantas de tratamiento y la producci\u00f3n de pozos de agua subterr\u00e1nea.<\/span><\/p>\n<p><span style=\"color: #000000;\">Desde las bocatomas de captaci\u00f3n de La Atarjea, el ministro Piqu\u00e9 tambi\u00e9n pudo conocer sobre la escasez de lluvias en la sierra central. Sin embargo, se espera que en los pr\u00f3ximos d\u00edas se presenten nuevas precipitaciones en las cuencas de los r\u00edos R\u00edmac, Chill\u00f3n y Lur\u00edn. En ese sentido, se prev\u00e9 que es alta la probabilidad de que el proceso de recarga en el sistema de lagunas en la sierra central se presente con normalidad.<\/span><\/p>\n<p><img fetchpriority=\"high\" decoding=\"async\" class=\"aligncenter size-full wp-image-40658\" src=\"http:\/\/elinformanteperu.com\/wp-content\/uploads\/2019\/01\/Pique-agua1.jpg\" alt=\"\" width=\"800\" height=\"533\" srcset=\"https:\/\/elinformanteperu.com\/wp-content\/uploads\/2019\/01\/Pique-agua1.jpg 800w, https:\/\/elinformanteperu.com\/wp-content\/uploads\/2019\/01\/Pique-agua1-300x200.jpg 300w, https:\/\/elinformanteperu.com\/wp-content\/uploads\/2019\/01\/Pique-agua1-768x512.jpg 768w, https:\/\/elinformanteperu.com\/wp-content\/uploads\/2019\/01\/Pique-agua1-128x85.jpg 128w, https:\/\/elinformanteperu.com\/wp-content\/uploads\/2019\/01\/Pique-agua1-32x21.jpg 32w\" sizes=\"(max-width: 800px) 100vw, 800px\" \/><\/p>\n<p><span style=\"color: #000000;\">En otro momento, desde la moderna sala de monitoreo del proceso de purificaci\u00f3n del agua, el titular del sector Vivienda pudo conocer que la capacidad actual del volumen de almacenamiento en las represas y lagunas es de 331 MMC (millones de metros c\u00fabicos). En los \u00faltimos 3 a\u00f1os se ha presentado un ciclo de llenado regular, raz\u00f3n por la cual se ha mantenido el normal abastecimiento a la poblaci\u00f3n con el apoyo de pozos de agua subterr\u00e1nea.<\/span><\/p>\n<p><span style=\"color: #000000;\">Finalmente, al visitar las lagunas de tratamiento de agua asegur\u00f3 que la capacidad actual de almacenamiento en las represas y lagunas se considera limitada para una eventual situaci\u00f3n de menores lluvias o a\u00f1os semisecos a secos, requiri\u00e9ndose por ello la implementaci\u00f3n de nuevos proyectos de afianzamiento, como el proyecto obras de cabecera, que incrementar\u00e1 el almacenamiento.<\/span><\/p>\n<p><img decoding=\"async\" class=\"aligncenter size-full wp-image-40659\" src=\"http:\/\/elinformanteperu.com\/wp-content\/uploads\/2019\/01\/Pique-agua2.jpg\" alt=\"\" width=\"800\" height=\"559\" srcset=\"https:\/\/elinformanteperu.com\/wp-content\/uploads\/2019\/01\/Pique-agua2.jpg 800w, https:\/\/elinformanteperu.com\/wp-content\/uploads\/2019\/01\/Pique-agua2-300x210.jpg 300w, https:\/\/elinformanteperu.com\/wp-content\/uploads\/2019\/01\/Pique-agua2-768x537.jpg 768w, https:\/\/elinformanteperu.com\/wp-content\/uploads\/2019\/01\/Pique-agua2-128x89.jpg 128w, https:\/\/elinformanteperu.com\/wp-content\/uploads\/2019\/01\/Pique-agua2-32x22.jpg 32w\" sizes=\"(max-width: 800px) 100vw, 800px\" \/><\/p>\n","protected":false},"excerpt":{"rendered":"<p>Ministro Javier Piqu\u00e9 inspeccion\u00f3 planta de La Atarjea, donde recibi\u00f3 informaci\u00f3n detallada de las acciones que se vienen realizando por parte de Sedapal. Lima, 04 de Enero 2019, (El Informante Per\u00fa).- El ministro de Vivienda, Construcci\u00f3n y Saneamiento, Javier Piqu\u00e9, inspeccion\u00f3 la planta de La Atarjea, con la finalidad de verificar de que la capacidad [&hellip;]<\/p>\n","protected":false},"author":1,"featured_media":40657,"comment_status":"open","ping_status":"open","sticky":false,"template":"","format":"standard","meta":{"rop_custom_images_group":[],"rop_custom_messages_group":[],"rop_publish_now":"initial","rop_publish_now_accounts":[],"rop_publish_now_history":[],"rop_publish_now_status":"pending","footnotes":""},"categories":[10],"tags":[2969,1557,642],"class_list":["post-40655","post","type-post","status-publish","format-standard","has-post-thumbnail","hentry","category-actualidad-municipal","tag-javier-pique","tag-ministerio-de-vivienda","tag-sedapal"],"_links":{"self":[{"href":"https:\/\/elinformanteperu.com\/index.php\/wp-json\/wp\/v2\/posts\/40655","targetHints":{"allow":["GET"]}}],"collection":[{"href":"https:\/\/elinformanteperu.com\/index.php\/wp-json\/wp\/v2\/posts"}],"about":[{"href":"https:\/\/elinformanteperu.com\/index.php\/wp-json\/wp\/v2\/types\/post"}],"author":[{"embeddable":true,"href":"https:\/\/elinformanteperu.com\/index.php\/wp-json\/wp\/v2\/users\/1"}],"replies":[{"embeddable":true,"href":"https:\/\/elinformanteperu.com\/index.php\/wp-json\/wp\/v2\/comments?post=40655"}],"version-history":[{"count":1,"href":"https:\/\/elinformanteperu.com\/index.php\/wp-json\/wp\/v2\/posts\/40655\/revisions"}],"predecessor-version":[{"id":40660,"href":"https:\/\/elinformanteperu.com\/index.php\/wp-json\/wp\/v2\/posts\/40655\/revisions\/40660"}],"wp:featuredmedia":[{"embeddable":true,"href":"https:\/\/elinformanteperu.com\/index.php\/wp-json\/wp\/v2\/media\/40657"}],"wp:attachment":[{"href":"https:\/\/elinformanteperu.com\/index.php\/wp-json\/wp\/v2\/media?parent=40655"}],"wp:term":[{"taxonomy":"category","embeddable":true,"href":"https:\/\/elinformanteperu.com\/index.php\/wp-json\/wp\/v2\/categories?post=40655"},{"taxonomy":"post_tag","embeddable":true,"href":"https:\/\/elinformanteperu.com\/index.php\/wp-json\/wp\/v2\/tags?post=40655"}],"curies":[{"name":"wp","href":"https:\/\/api.w.org\/{rel}","templated":true}]}}