{"id":4036,"date":"2017-01-09T23:36:00","date_gmt":"2017-01-10T04:36:00","guid":{"rendered":"http:\/\/elinformanteperu.com\/?p=4036"},"modified":"2017-01-09T23:36:00","modified_gmt":"2017-01-10T04:36:00","slug":"sofia-franco-estrenara-programa-en-atv","status":"publish","type":"post","link":"https:\/\/elinformanteperu.com\/index.php\/2017\/01\/09\/sofia-franco-estrenara-programa-en-atv\/","title":{"rendered":"Sofia Franco estrenar\u00e1 programa en ATV"},"content":{"rendered":"<p><strong>La guapa Sof\u00eda Franco ya pertenece a ATV donde conducir\u00e1 el nuevo espacio dedicado a los espect\u00e1culos llamado &#8216;Cu\u00e9ntamelo Todo&#8217; al lado de \u2018Metiche\u2019.<\/strong><\/p>\n<p><strong>Lima, 09 Enero 2017, (El Informante Per\u00fa).-<\/strong> Era un secreto a voces. finalmente se confirm\u00f3 que la guapa Sof\u00eda Franco ya pertenece a ATV donde conducir\u00e1 el nuevo espacio dedicado a los espect\u00e1culos llamado &#8216;Cu\u00e9ntamelo Todo&#8217; al lado de Kurt Villavicencio bajo su personaje de \u2018Metiche\u2019 y otros personajes.<\/p>\n<p>Sof\u00eda Franco dej\u00f3 las filas de Am\u00e9rica Televisi\u00f3n donde comparti\u00f3 la conducci\u00f3n del programa del mediod\u00eda &#8216;Al Aire&#8217; con Maju Mantilla y anteriormente a ello, en Latina, fue compa\u00f1era de Rodrigo Gonzalez en Amor, amor, amor<\/p>\n<p>El estreno de &#8216;Cu\u00e9ntamelo todo&#8217; est\u00e1 previsto para la segunda quincena de enero y contar\u00e1 con panelistas invitados. El programa competir\u00e1 en sinton\u00eda con &#8216;Espect\u00e1culos&#8217;, el espacio de Latina que contin\u00faa bajo la conducci\u00f3n de Jazm\u00edn Pinedo, acompa\u00f1ada por Carlos Barraza, Antonio Pav\u00f3n y Ernesto Jim\u00e9nez.<\/p>\n<p><img fetchpriority=\"high\" decoding=\"async\" class=\"size-full wp-image-4038 aligncenter\" src=\"http:\/\/elinformanteperu.com\/wp-content\/uploads\/2017\/01\/sofia-franco.png\" alt=\"\" width=\"1024\" height=\"576\" srcset=\"https:\/\/elinformanteperu.com\/wp-content\/uploads\/2017\/01\/sofia-franco.png 1024w, https:\/\/elinformanteperu.com\/wp-content\/uploads\/2017\/01\/sofia-franco-300x169.png 300w, https:\/\/elinformanteperu.com\/wp-content\/uploads\/2017\/01\/sofia-franco-768x432.png 768w, https:\/\/elinformanteperu.com\/wp-content\/uploads\/2017\/01\/sofia-franco-128x72.png 128w, https:\/\/elinformanteperu.com\/wp-content\/uploads\/2017\/01\/sofia-franco-32x18.png 32w, https:\/\/elinformanteperu.com\/wp-content\/uploads\/2017\/01\/sofia-franco-620x350.png 620w, https:\/\/elinformanteperu.com\/wp-content\/uploads\/2017\/01\/sofia-franco-935x526.png 935w\" sizes=\"(max-width: 1024px) 100vw, 1024px\" \/><\/p>\n","protected":false},"excerpt":{"rendered":"<p>La guapa Sof\u00eda Franco ya pertenece a ATV donde conducir\u00e1 el nuevo espacio dedicado a los espect\u00e1culos llamado &#8216;Cu\u00e9ntamelo Todo&#8217; al lado de \u2018Metiche\u2019. Lima, 09 Enero 2017, (El Informante Per\u00fa).- Era un secreto a voces. finalmente se confirm\u00f3 que la guapa Sof\u00eda Franco ya pertenece a ATV donde conducir\u00e1 el nuevo espacio dedicado a [&hellip;]<\/p>\n","protected":false},"author":1,"featured_media":4037,"comment_status":"open","ping_status":"open","sticky":false,"template":"","format":"standard","meta":{"rop_custom_images_group":[],"rop_custom_messages_group":[],"rop_publish_now":"initial","rop_publish_now_accounts":[],"rop_publish_now_history":[],"rop_publish_now_status":"pending","footnotes":""},"categories":[70],"tags":[635,390],"class_list":["post-4036","post","type-post","status-publish","format-standard","has-post-thumbnail","hentry","category-farandula","tag-atv","tag-sofia-franco"],"_links":{"self":[{"href":"https:\/\/elinformanteperu.com\/index.php\/wp-json\/wp\/v2\/posts\/4036","targetHints":{"allow":["GET"]}}],"collection":[{"href":"https:\/\/elinformanteperu.com\/index.php\/wp-json\/wp\/v2\/posts"}],"about":[{"href":"https:\/\/elinformanteperu.com\/index.php\/wp-json\/wp\/v2\/types\/post"}],"author":[{"embeddable":true,"href":"https:\/\/elinformanteperu.com\/index.php\/wp-json\/wp\/v2\/users\/1"}],"replies":[{"embeddable":true,"href":"https:\/\/elinformanteperu.com\/index.php\/wp-json\/wp\/v2\/comments?post=4036"}],"version-history":[{"count":1,"href":"https:\/\/elinformanteperu.com\/index.php\/wp-json\/wp\/v2\/posts\/4036\/revisions"}],"predecessor-version":[{"id":4039,"href":"https:\/\/elinformanteperu.com\/index.php\/wp-json\/wp\/v2\/posts\/4036\/revisions\/4039"}],"wp:featuredmedia":[{"embeddable":true,"href":"https:\/\/elinformanteperu.com\/index.php\/wp-json\/wp\/v2\/media\/4037"}],"wp:attachment":[{"href":"https:\/\/elinformanteperu.com\/index.php\/wp-json\/wp\/v2\/media?parent=4036"}],"wp:term":[{"taxonomy":"category","embeddable":true,"href":"https:\/\/elinformanteperu.com\/index.php\/wp-json\/wp\/v2\/categories?post=4036"},{"taxonomy":"post_tag","embeddable":true,"href":"https:\/\/elinformanteperu.com\/index.php\/wp-json\/wp\/v2\/tags?post=4036"}],"curies":[{"name":"wp","href":"https:\/\/api.w.org\/{rel}","templated":true}]}}