{"id":40117,"date":"2018-12-23T21:05:05","date_gmt":"2018-12-24T02:05:05","guid":{"rendered":"http:\/\/elinformanteperu.com\/?p=40117"},"modified":"2018-12-23T21:05:05","modified_gmt":"2018-12-24T02:05:05","slug":"real-madrid-la-tregua-navidena-de-solari","status":"publish","type":"post","link":"https:\/\/elinformanteperu.com\/index.php\/2018\/12\/23\/real-madrid-la-tregua-navidena-de-solari\/","title":{"rendered":"Real Madrid: la tregua navide\u00f1a de Solari"},"content":{"rendered":"<p><strong><span style=\"color: #000000;\">Santiago Solari pudo respirar tranquilo. Nadie le pod\u00eda borrar una enorme sonrisa de la cara despu\u00e9s de que el Real Madrid conquistara su tercer Mundial de Clubes.<\/span><\/strong><\/p>\n<p><span style=\"color: #000000;\"><strong>Abu Dabi, 23 de Diciembre 2018, (ANDINA).-<\/strong> Santiago Solari pudo respirar tranquilo. Nadie le pod\u00eda borrar una enorme sonrisa de la cara despu\u00e9s de que el Real Madrid conquistara su tercer Mundial de Clubes consecutivo: para \u00e9l supone adem\u00e1s unos d\u00edas de tregua, tras las complicadas \u00faltimas semanas.<\/span><\/p>\n<p><span style=\"color: #000000;\">El equipo blanco jug\u00f3 en esa final de Abu Dabi ante el Al Ain (4-1) su \u00faltimo partido del a\u00f1o y tiene ahora unas cortas vacaciones, antes de volver a jugar el 3 de enero, en un partido liguero ante el Villarreal en el Estadio de la Cer\u00e1mica.<\/span><\/p>\n<p><span style=\"color: #000000;\">\u00abYo siento mucha satisfacci\u00f3n por esto, luego vendr\u00e1 montarnos en un avi\u00f3n, \u00a1d\u00e9jennos llegar! Luego ya reinician el ciclo de cr\u00edticas cuando lleguemos (a Madrid)\u00bb, brome\u00f3 Solari en su conferencia de prensa despu\u00e9s del partido.<\/span><\/p>\n<p><span style=\"color: #000000;\">El &#8216;Indiecito&#8217; comenz\u00f3 la temporada como t\u00e9cnico del filial y tuvo que asumir las riendas del primer equipo como soluci\u00f3n de emergencia a finales de octubre, despu\u00e9s del despido de Julen Lopetegui tras la debacle en el Cl\u00e1sico ante el Barcelona en el Camp Nou (5-1).<\/span><\/p>\n<p><span style=\"color: #000000;\">Lleg\u00f3 como interino y se qued\u00f3. En los trece partidos desde su llegada, el equipo blanco ha ganado once y ha perdido dos, aunque fueron resbalones contundentes, por 3-0 ante el Eibar en Liga y contra el CSKA de Mosc\u00fa en el Santiago Bernab\u00e9u en la Liga de Campeones.<\/span><\/p>\n<p><span style=\"color: #000000;\">Ese encuentro ante los rusos, a principios de este mes, no tuvo consecuencias graves porque el equipo estaba ya clasificado para los octavos de final de la Champions, pero fue dif\u00edcil para Solari porque la hinchada blanca abuche\u00f3 a los jugadores.<\/span><\/p>\n<p><span style=\"color: #000000;\">Unos d\u00edas m\u00e1s tarde, en el \u00faltimo partido antes del Mundial de Clubes, el Real Madrid sufri\u00f3 para vencer 1-0 al Rayo Vallecano y al d\u00eda siguiente la prensa espa\u00f1ola se hac\u00eda eco del descontento de la grada: \u00abEl Bernab\u00e9u se aburre\u00bb, titulaba Marca, mientras que As optaba por un t\u00edtulo tambi\u00e9n en la misma l\u00ednea, \u00abEste Madrid aburre\u00bb.<\/span><\/p>\n<p><span style=\"color: #000000;\">En la v\u00edspera de la final, Solari hab\u00eda admitido p\u00fablicamente que se segu\u00eda sorprendiendo por c\u00f3mo se olvidaban r\u00e1pidamente las gestas del equipo y c\u00f3mo el nivel de exigencia hac\u00eda pasar pronto la p\u00e1gina de los grandes t\u00edtulos.<\/span><\/p>\n<p><span style=\"color: #000000;\">\u00abEs imposible que ganemos todas las Champions de los pr\u00f3ximos doscientos a\u00f1os. Esto es f\u00fatbol, compiten los clubes m\u00e1s grandes del mundo. Me sorprende c\u00f3mo cuesta darle el justo valor, la justa medida, a lo que hizo el Real Madrid en los \u00faltimos cinco a\u00f1os\u00bb, explic\u00f3 el argentino, en alusi\u00f3n a una era dorada en la que el equipo ha sido cuatro veces campe\u00f3n de la Liga de Campeones europea y otras cuatro del Mundial de Clubes.<\/span><\/p>\n<p><strong><span style=\"color: #000000;\">La sombra de Mourinho<\/span><\/strong><\/p>\n<p><span style=\"color: #000000;\">Solari tiene contrato con el Real Madrid hasta 2021, pero desde la pasada semana hay un nombre que circula con insistencia entre los periodistas que cubren la informaci\u00f3n del equipo blanco: Jos\u00e9 Mourinho.<\/span><\/p>\n<p><span style=\"color: #000000;\">El portugu\u00e9s fue destituido el pasado martes como entrenador del Manchester United y muchos han pensado en \u00e9l como un posible candidato para regresar al banquillo del Real Madrid, donde dej\u00f3 huella con su volc\u00e1nica personalidad entre 2010 y 2013, pese a que no logr\u00f3 dar al equipo espa\u00f1ol ninguna Champions.<\/span><\/p>\n<p><span style=\"color: #000000;\">\u00abHan pasado cinco a\u00f1os desde que se fue Mou y segu\u00eds hablando de \u00e9l. Hay que tener un respeto por el entrenador actual, que es Solari\u00bb, se\u00f1al\u00f3, visiblemente molesto, el capit\u00e1n Sergio Ramos cuando fue preguntado el viernes por el t\u00e9cnico luso.<\/span><\/p>\n<p><span style=\"color: #000000;\">Unos d\u00edas antes, en la conferencia de prensa previa a la semifinal, Mourinho tambi\u00e9n fue protagonista indirecto.<\/span><\/p>\n<p><span style=\"color: #000000;\">\u00abEs un gran entrenador y ahora est\u00e1 sin club. No soy yo quien decide si va a volver. Lo que s\u00ed, le agradezco lo que hizo por m\u00ed aqu\u00ed en el Madrid\u00bb, se\u00f1al\u00f3 el brasile\u00f1o Marcelo.<\/span><\/p>\n<p><span style=\"color: #000000;\">Solari tambi\u00e9n fue preguntado por Mourinho y, fiel a su estilo, evit\u00f3 cualquier pol\u00e9mica.<\/span><\/p>\n<p><span style=\"color: #000000;\">\u00abTengo el m\u00e1ximo respeto y admiraci\u00f3n por todos mis colegas\u00bb, apunt\u00f3.<\/span><\/p>\n<p><span style=\"color: #000000;\">El Mundial de Clubes da un momento de respiro a Solari para acabar el a\u00f1o 2018 con tranquilidad, a la espera de un 2019 que determinar\u00e1 su futuro y si el Real Madrid decide buscarle un sustituto.<\/span><\/p>\n<p><img fetchpriority=\"high\" decoding=\"async\" class=\"aligncenter size-full wp-image-40120\" src=\"http:\/\/elinformanteperu.com\/wp-content\/uploads\/2018\/12\/santiago-solari-real-madrid-DT-campeon-mundial-clubes1.jpg\" alt=\"\" width=\"518\" height=\"475\" srcset=\"https:\/\/elinformanteperu.com\/wp-content\/uploads\/2018\/12\/santiago-solari-real-madrid-DT-campeon-mundial-clubes1.jpg 518w, https:\/\/elinformanteperu.com\/wp-content\/uploads\/2018\/12\/santiago-solari-real-madrid-DT-campeon-mundial-clubes1-300x275.jpg 300w, https:\/\/elinformanteperu.com\/wp-content\/uploads\/2018\/12\/santiago-solari-real-madrid-DT-campeon-mundial-clubes1-128x117.jpg 128w, https:\/\/elinformanteperu.com\/wp-content\/uploads\/2018\/12\/santiago-solari-real-madrid-DT-campeon-mundial-clubes1-32x29.jpg 32w\" sizes=\"(max-width: 518px) 100vw, 518px\" \/><\/p>\n","protected":false},"excerpt":{"rendered":"<p>Santiago Solari pudo respirar tranquilo. Nadie le pod\u00eda borrar una enorme sonrisa de la cara despu\u00e9s de que el Real Madrid conquistara su tercer Mundial de Clubes. Abu Dabi, 23 de Diciembre 2018, (ANDINA).- Santiago Solari pudo respirar tranquilo. Nadie le pod\u00eda borrar una enorme sonrisa de la cara despu\u00e9s de que el Real Madrid [&hellip;]<\/p>\n","protected":false},"author":1,"featured_media":40119,"comment_status":"open","ping_status":"open","sticky":false,"template":"","format":"standard","meta":{"rop_custom_images_group":[],"rop_custom_messages_group":[],"rop_publish_now":"initial","rop_publish_now_accounts":[],"rop_publish_now_history":[],"rop_publish_now_status":"pending","footnotes":""},"categories":[8],"tags":[3018,423,3958],"class_list":["post-40117","post","type-post","status-publish","format-standard","has-post-thumbnail","hentry","category-disciplinas-deportivas","tag-mundial-de-clubes","tag-real-madrid","tag-santiago-solari"],"_links":{"self":[{"href":"https:\/\/elinformanteperu.com\/index.php\/wp-json\/wp\/v2\/posts\/40117","targetHints":{"allow":["GET"]}}],"collection":[{"href":"https:\/\/elinformanteperu.com\/index.php\/wp-json\/wp\/v2\/posts"}],"about":[{"href":"https:\/\/elinformanteperu.com\/index.php\/wp-json\/wp\/v2\/types\/post"}],"author":[{"embeddable":true,"href":"https:\/\/elinformanteperu.com\/index.php\/wp-json\/wp\/v2\/users\/1"}],"replies":[{"embeddable":true,"href":"https:\/\/elinformanteperu.com\/index.php\/wp-json\/wp\/v2\/comments?post=40117"}],"version-history":[{"count":1,"href":"https:\/\/elinformanteperu.com\/index.php\/wp-json\/wp\/v2\/posts\/40117\/revisions"}],"predecessor-version":[{"id":40121,"href":"https:\/\/elinformanteperu.com\/index.php\/wp-json\/wp\/v2\/posts\/40117\/revisions\/40121"}],"wp:featuredmedia":[{"embeddable":true,"href":"https:\/\/elinformanteperu.com\/index.php\/wp-json\/wp\/v2\/media\/40119"}],"wp:attachment":[{"href":"https:\/\/elinformanteperu.com\/index.php\/wp-json\/wp\/v2\/media?parent=40117"}],"wp:term":[{"taxonomy":"category","embeddable":true,"href":"https:\/\/elinformanteperu.com\/index.php\/wp-json\/wp\/v2\/categories?post=40117"},{"taxonomy":"post_tag","embeddable":true,"href":"https:\/\/elinformanteperu.com\/index.php\/wp-json\/wp\/v2\/tags?post=40117"}],"curies":[{"name":"wp","href":"https:\/\/api.w.org\/{rel}","templated":true}]}}