{"id":4009,"date":"2017-01-09T19:55:14","date_gmt":"2017-01-10T00:55:14","guid":{"rendered":"http:\/\/elinformanteperu.com\/?p=4009"},"modified":"2017-01-09T19:55:14","modified_gmt":"2017-01-10T00:55:14","slug":"maluma-y-su-remix-de-sin-contrato-junto-a-wisin-y-don-omar","status":"publish","type":"post","link":"https:\/\/elinformanteperu.com\/index.php\/2017\/01\/09\/maluma-y-su-remix-de-sin-contrato-junto-a-wisin-y-don-omar\/","title":{"rendered":"Maluma y su Remix de \u00abSin Contrato\u00bb junto a Wisin y Don Omar"},"content":{"rendered":"<p><strong>Tras el \u00e9xito de su primer tema junto a Fifth Harmony, el colombiano Maluma, lanza la versi\u00f3n Remix de \u201cSin Contrato\u201d junto a dos representantes de la m\u00fasica urbana.<\/strong><\/p>\n<p><strong>Lima, 09 Enero 2017, (El Informante Per\u00fa).-<\/strong> Tras el \u00e9xito de su primer tema junto a Fifth Harmony, el artista colombiano Maluma, lanza la versi\u00f3n Remix de \u201cSin Contrato\u201d junto a otros dos importantes y talentosos representantes de la m\u00fasica urbana con quienes ha colaborado anteriormente.<\/p>\n<p>De la mano de Wisin y Don Omar, versionaron \u00abSin Contrato\u00bb, sencillo que pertenece al \u00faltimo \u00e1lbum de Maluma: \u00abPretty Boy, Dirty Boy\u00bb, el cual fue reconocido el noviembre pasado como Disco de Oro.<\/p>\n<p>El video musical de \u201cSin Contrato\u201d cuenta con m\u00e1s de 300 millones de visitas en el canal oficial de Vevo de Maluma, tema que sin duda ha obtenido grandes resultados y que por esa raz\u00f3n decide remezclarlo con estos dos reconocidos exponentes.<\/p>\n<p>\u201cSin Contrato\u201d Remix se encuentra disponible en todas las plataformas digitales y YouTube.<\/p>\n<p><iframe src=\"https:\/\/www.youtube-nocookie.com\/embed\/oJiF8iRvXDU?rel=0&amp;controls=0&amp;showinfo=0\" width=\"560\" height=\"315\" frameborder=\"0\" allowfullscreen=\"allowfullscreen\"><\/iframe><\/p>\n","protected":false},"excerpt":{"rendered":"<p>Tras el \u00e9xito de su primer tema junto a Fifth Harmony, el colombiano Maluma, lanza la versi\u00f3n Remix de \u201cSin Contrato\u201d junto a dos representantes de la m\u00fasica urbana. Lima, 09 Enero 2017, (El Informante Per\u00fa).- Tras el \u00e9xito de su primer tema junto a Fifth Harmony, el artista colombiano Maluma, lanza la versi\u00f3n Remix [&hellip;]<\/p>\n","protected":false},"author":1,"featured_media":4010,"comment_status":"open","ping_status":"open","sticky":false,"template":"","format":"standard","meta":{"rop_custom_images_group":[],"rop_custom_messages_group":[],"rop_publish_now":"initial","rop_publish_now_accounts":[],"rop_publish_now_history":[],"rop_publish_now_status":"pending","footnotes":""},"categories":[69],"tags":[778,779,678,777],"class_list":["post-4009","post","type-post","status-publish","format-standard","has-post-thumbnail","hentry","category-musica","tag-don-omar","tag-fifth-harmony","tag-maluma","tag-wisin"],"_links":{"self":[{"href":"https:\/\/elinformanteperu.com\/index.php\/wp-json\/wp\/v2\/posts\/4009","targetHints":{"allow":["GET"]}}],"collection":[{"href":"https:\/\/elinformanteperu.com\/index.php\/wp-json\/wp\/v2\/posts"}],"about":[{"href":"https:\/\/elinformanteperu.com\/index.php\/wp-json\/wp\/v2\/types\/post"}],"author":[{"embeddable":true,"href":"https:\/\/elinformanteperu.com\/index.php\/wp-json\/wp\/v2\/users\/1"}],"replies":[{"embeddable":true,"href":"https:\/\/elinformanteperu.com\/index.php\/wp-json\/wp\/v2\/comments?post=4009"}],"version-history":[{"count":1,"href":"https:\/\/elinformanteperu.com\/index.php\/wp-json\/wp\/v2\/posts\/4009\/revisions"}],"predecessor-version":[{"id":4011,"href":"https:\/\/elinformanteperu.com\/index.php\/wp-json\/wp\/v2\/posts\/4009\/revisions\/4011"}],"wp:featuredmedia":[{"embeddable":true,"href":"https:\/\/elinformanteperu.com\/index.php\/wp-json\/wp\/v2\/media\/4010"}],"wp:attachment":[{"href":"https:\/\/elinformanteperu.com\/index.php\/wp-json\/wp\/v2\/media?parent=4009"}],"wp:term":[{"taxonomy":"category","embeddable":true,"href":"https:\/\/elinformanteperu.com\/index.php\/wp-json\/wp\/v2\/categories?post=4009"},{"taxonomy":"post_tag","embeddable":true,"href":"https:\/\/elinformanteperu.com\/index.php\/wp-json\/wp\/v2\/tags?post=4009"}],"curies":[{"name":"wp","href":"https:\/\/api.w.org\/{rel}","templated":true}]}}