{"id":39983,"date":"2018-12-20T21:42:27","date_gmt":"2018-12-21T02:42:27","guid":{"rendered":"http:\/\/elinformanteperu.com\/?p=39983"},"modified":"2018-12-20T21:42:27","modified_gmt":"2018-12-21T02:42:27","slug":"corte-del-callao-resolvera-levantamiento-de-inmunidad-del-congresista-mamani","status":"publish","type":"post","link":"https:\/\/elinformanteperu.com\/index.php\/2018\/12\/20\/corte-del-callao-resolvera-levantamiento-de-inmunidad-del-congresista-mamani\/","title":{"rendered":"Corte del Callao resolver\u00e1 levantamiento de inmunidad del congresista Mamani"},"content":{"rendered":"<p><strong><span style=\"color: #000000;\">Magistrado del noveno juzgado de Investigaci\u00f3n Preparatoria de la Corte Superior de Justicia del Callao resolver\u00e1 el pedido hecho por el Ministerio P\u00fablico.<\/span><\/strong><\/p>\n<p><span style=\"color: #000000;\"><strong>Lima, 20 de Diciembre 2018, (El Informante Per\u00fa).-<\/strong> El juez Delf\u00edn Gavilano Vargas realiz\u00f3 la audiencia para evaluar el pedido del levantamiento de la inmunidad parlamentaria del congresista Mois\u00e9s Mamani, quien fue denunciado por presuntos tocamientos indebidos a la aeromoza Lana Campos de Moraes, tripulante de la aerol\u00ednea Latam. Tras la argumentaci\u00f3n de la fiscal\u00eda, el juez Gavilano se\u00f1al\u00f3 que evaluar\u00e1 en su Despacho todo lo presentado y lo resolver\u00e1 en el plazo conforme a ley.<\/span><\/p>\n<p><span style=\"color: #000000;\">A dicha diligencia asistieron la Fiscal Provincial Penal del Ministerio P\u00fablico del Callao, Jacqueline P\u00e9rez Casta\u00f1eda; la abogada de la parte agraviada, Carolina Criado Tejada; y la defensa p\u00fablica del parlamentario, \u00d3scar G\u00e1lvez V\u00e1squez.<\/span><\/p>\n<p><span style=\"color: #000000;\">El congresista ni su abogado Eduardo Piaggio Farf\u00e1n asistieron a la cita, y fue este \u00faltimo quien present\u00f3 un escrito, informando que el legislador no podr\u00eda presentarse por tener otra audiencia judicial en Puno al que se le acusa de falsedad gen\u00e9rica. Sin embargo, eso no fue inconveniente para que el juez llevara a cabo la sesi\u00f3n, en la que la fiscal\u00eda sustent\u00f3 el pedido del levantamiento de inmunidad.<\/span><\/p>\n<p><span style=\"color: #000000;\">La fiscal P\u00e9rez manifest\u00f3 que exist\u00eda evidencia sobre el presunto delito contra la libertad sexual en la particularidad de tocamientos indebidos por parte de Mois\u00e9s Mamani, por lo que solicit\u00f3 que se autorice pedir el levantamiento de su inmunidad parlamentaria para continuar la investigaci\u00f3n.<\/span><\/p>\n<p><span style=\"color: #000000;\">Por ello, P\u00e9rez Casta\u00f1eda espera que su requerimiento sea aceptado por el juez y este lo eleve a la Corte Suprema para que lo apruebe. Luego, el pedido ser\u00eda trasladado a la Comisi\u00f3n de Levantamiento de la Inmunidad Parlamentaria del Congreso.<\/span><\/p>\n<p><span style=\"color: #000000;\">Cabe resaltar que, de acuerdo al Reglamento del Congreso, los congresistas que son denunciados por delitos comunes no pueden ser juzgados ni procesados en una investigaci\u00f3n preparatoria sin la autorizaci\u00f3n del Congreso.<\/span><\/p>\n<p><img fetchpriority=\"high\" decoding=\"async\" class=\"aligncenter size-full wp-image-39986\" src=\"http:\/\/elinformanteperu.com\/wp-content\/uploads\/2018\/12\/PJ-Callao-Inmunidad-Mamani.jpg\" alt=\"\" width=\"800\" height=\"533\" srcset=\"https:\/\/elinformanteperu.com\/wp-content\/uploads\/2018\/12\/PJ-Callao-Inmunidad-Mamani.jpg 800w, https:\/\/elinformanteperu.com\/wp-content\/uploads\/2018\/12\/PJ-Callao-Inmunidad-Mamani-300x200.jpg 300w, https:\/\/elinformanteperu.com\/wp-content\/uploads\/2018\/12\/PJ-Callao-Inmunidad-Mamani-768x512.jpg 768w, https:\/\/elinformanteperu.com\/wp-content\/uploads\/2018\/12\/PJ-Callao-Inmunidad-Mamani-128x85.jpg 128w, https:\/\/elinformanteperu.com\/wp-content\/uploads\/2018\/12\/PJ-Callao-Inmunidad-Mamani-32x21.jpg 32w\" sizes=\"(max-width: 800px) 100vw, 800px\" \/><\/p>\n","protected":false},"excerpt":{"rendered":"<p>Magistrado del noveno juzgado de Investigaci\u00f3n Preparatoria de la Corte Superior de Justicia del Callao resolver\u00e1 el pedido hecho por el Ministerio P\u00fablico. Lima, 20 de Diciembre 2018, (El Informante Per\u00fa).- El juez Delf\u00edn Gavilano Vargas realiz\u00f3 la audiencia para evaluar el pedido del levantamiento de la inmunidad parlamentaria del congresista Mois\u00e9s Mamani, quien fue [&hellip;]<\/p>\n","protected":false},"author":1,"featured_media":39985,"comment_status":"open","ping_status":"open","sticky":false,"template":"","format":"standard","meta":{"rop_custom_images_group":[],"rop_custom_messages_group":[],"rop_publish_now":"initial","rop_publish_now_accounts":[],"rop_publish_now_history":[],"rop_publish_now_status":"pending","footnotes":""},"categories":[5],"tags":[192,2929,487],"class_list":["post-39983","post","type-post","status-publish","format-standard","has-post-thumbnail","hentry","category-actualidad-informativa","tag-congreso","tag-moises-mamani","tag-poder-judicial-callao"],"_links":{"self":[{"href":"https:\/\/elinformanteperu.com\/index.php\/wp-json\/wp\/v2\/posts\/39983","targetHints":{"allow":["GET"]}}],"collection":[{"href":"https:\/\/elinformanteperu.com\/index.php\/wp-json\/wp\/v2\/posts"}],"about":[{"href":"https:\/\/elinformanteperu.com\/index.php\/wp-json\/wp\/v2\/types\/post"}],"author":[{"embeddable":true,"href":"https:\/\/elinformanteperu.com\/index.php\/wp-json\/wp\/v2\/users\/1"}],"replies":[{"embeddable":true,"href":"https:\/\/elinformanteperu.com\/index.php\/wp-json\/wp\/v2\/comments?post=39983"}],"version-history":[{"count":1,"href":"https:\/\/elinformanteperu.com\/index.php\/wp-json\/wp\/v2\/posts\/39983\/revisions"}],"predecessor-version":[{"id":39987,"href":"https:\/\/elinformanteperu.com\/index.php\/wp-json\/wp\/v2\/posts\/39983\/revisions\/39987"}],"wp:featuredmedia":[{"embeddable":true,"href":"https:\/\/elinformanteperu.com\/index.php\/wp-json\/wp\/v2\/media\/39985"}],"wp:attachment":[{"href":"https:\/\/elinformanteperu.com\/index.php\/wp-json\/wp\/v2\/media?parent=39983"}],"wp:term":[{"taxonomy":"category","embeddable":true,"href":"https:\/\/elinformanteperu.com\/index.php\/wp-json\/wp\/v2\/categories?post=39983"},{"taxonomy":"post_tag","embeddable":true,"href":"https:\/\/elinformanteperu.com\/index.php\/wp-json\/wp\/v2\/tags?post=39983"}],"curies":[{"name":"wp","href":"https:\/\/api.w.org\/{rel}","templated":true}]}}