{"id":39848,"date":"2018-12-18T09:36:54","date_gmt":"2018-12-18T14:36:54","guid":{"rendered":"http:\/\/elinformanteperu.com\/?p=39848"},"modified":"2018-12-18T09:36:54","modified_gmt":"2018-12-18T14:36:54","slug":"paolo-guerrero-y-su-dilema-antes-de-cumplir-su-sueno-de-jugar-por-alianza-lima","status":"publish","type":"post","link":"https:\/\/elinformanteperu.com\/index.php\/2018\/12\/18\/paolo-guerrero-y-su-dilema-antes-de-cumplir-su-sueno-de-jugar-por-alianza-lima\/","title":{"rendered":"Paolo Guerrero y su dilema antes de cumplir su sue\u00f1o de jugar por Alianza Lima"},"content":{"rendered":"<p><strong><span style=\"color: #000000;\">Paolo Guerrero siempre so\u00f1\u00f3 volver a Alianza Lima, pero nadie imagino que el destino lo llevar\u00eda a enfrentar a la camiseta que dice amar. Porto Alegre ser\u00e1 rival de los \u00edntimos.<\/span><\/strong><\/p>\n<p><span style=\"color: #000000;\"><strong>Lima, 18 de Diciembre 2018, (ANDINA).-<\/strong> Paolo Guerrero siempre so\u00f1\u00f3 volver a Alianza Lima, pero nadie imagino que el destino lo llevar\u00eda a enfrentar a la camiseta que dice amar y es que en el sorteo de la Copa Libertadores el Internacional de Porto Alegre ser\u00e1 rival de los \u00edntimos por lo que el \u00abdepredador\u00bb, quien estar\u00e1 apto para jugar desde abril, llegar\u00eda a Matute como oponente.<\/span><\/p>\n<p><span style=\"color: #000000;\">Alianza Lima volver\u00e1 a tener una tit\u00e1nica tarea en la Copa Libertadores 2019, certamen en el que enfrentar\u00e1 a River Plate, vigente campe\u00f3n del torneo, y al Internacional de Porto Alegre, equipo que alberga al peruano Paolo Guerrero, quien es un profeso hincha aliancista con sue\u00f1os de retirarse vistiendo la camiseta \u00abblanquiazul\u00bb.<\/span><\/p>\n<p><span style=\"color: #000000;\">Es cierto que Guerrero a\u00fan no puede jugar porque viene cumpliendo su sanci\u00f3n impuesta por el TAS, que culmina en abril pr\u00f3ximo, y estar\u00e1 apto para jugar tanto el torneo brasile\u00f1o como la Libertadores.<\/span><\/p>\n<p><span style=\"color: #000000;\">La fase de grupos comienza en marzo y se debe esperar el sorteo del fixture para saber si Guerrero podr\u00e1 ir a jugar a Matute contra el equipo de sus amores o lo enfrentar\u00e1 en Porto Alegre.<\/span><\/p>\n<p><span style=\"color: #000000;\">Paolo nunca jug\u00f3 con la camiseta de Alianza Lima en el nivel profesional, s\u00f3lo lo hizo en la categor\u00eda de menores. La veces que lleg\u00f3 a Matute fue a vestirse de blanquiazul para partidos de exhibiciones.<\/span><\/p>\n<p><img fetchpriority=\"high\" decoding=\"async\" class=\"aligncenter size-full wp-image-38860\" src=\"http:\/\/elinformanteperu.com\/wp-content\/uploads\/2018\/12\/alianza-melgar-semifinal1.jpg\" alt=\"\" width=\"1800\" height=\"1200\" srcset=\"https:\/\/elinformanteperu.com\/wp-content\/uploads\/2018\/12\/alianza-melgar-semifinal1.jpg 1800w, https:\/\/elinformanteperu.com\/wp-content\/uploads\/2018\/12\/alianza-melgar-semifinal1-300x200.jpg 300w, https:\/\/elinformanteperu.com\/wp-content\/uploads\/2018\/12\/alianza-melgar-semifinal1-768x512.jpg 768w, https:\/\/elinformanteperu.com\/wp-content\/uploads\/2018\/12\/alianza-melgar-semifinal1-1024x683.jpg 1024w, https:\/\/elinformanteperu.com\/wp-content\/uploads\/2018\/12\/alianza-melgar-semifinal1-128x85.jpg 128w, https:\/\/elinformanteperu.com\/wp-content\/uploads\/2018\/12\/alianza-melgar-semifinal1-32x21.jpg 32w\" sizes=\"(max-width: 1800px) 100vw, 1800px\" \/><\/p>\n","protected":false},"excerpt":{"rendered":"<p>Paolo Guerrero siempre so\u00f1\u00f3 volver a Alianza Lima, pero nadie imagino que el destino lo llevar\u00eda a enfrentar a la camiseta que dice amar. Porto Alegre ser\u00e1 rival de los \u00edntimos. Lima, 18 de Diciembre 2018, (ANDINA).- Paolo Guerrero siempre so\u00f1\u00f3 volver a Alianza Lima, pero nadie imagino que el destino lo llevar\u00eda a enfrentar [&hellip;]<\/p>\n","protected":false},"author":1,"featured_media":39850,"comment_status":"open","ping_status":"open","sticky":false,"template":"","format":"standard","meta":{"rop_custom_images_group":[],"rop_custom_messages_group":[],"rop_publish_now":"initial","rop_publish_now_accounts":[],"rop_publish_now_history":[],"rop_publish_now_status":"pending","footnotes":""},"categories":[8],"tags":[91,3445,203],"class_list":["post-39848","post","type-post","status-publish","format-standard","has-post-thumbnail","hentry","category-disciplinas-deportivas","tag-alianza-lima","tag-inter-de-porto-alegre","tag-paolo-guerrero"],"_links":{"self":[{"href":"https:\/\/elinformanteperu.com\/index.php\/wp-json\/wp\/v2\/posts\/39848","targetHints":{"allow":["GET"]}}],"collection":[{"href":"https:\/\/elinformanteperu.com\/index.php\/wp-json\/wp\/v2\/posts"}],"about":[{"href":"https:\/\/elinformanteperu.com\/index.php\/wp-json\/wp\/v2\/types\/post"}],"author":[{"embeddable":true,"href":"https:\/\/elinformanteperu.com\/index.php\/wp-json\/wp\/v2\/users\/1"}],"replies":[{"embeddable":true,"href":"https:\/\/elinformanteperu.com\/index.php\/wp-json\/wp\/v2\/comments?post=39848"}],"version-history":[{"count":1,"href":"https:\/\/elinformanteperu.com\/index.php\/wp-json\/wp\/v2\/posts\/39848\/revisions"}],"predecessor-version":[{"id":39851,"href":"https:\/\/elinformanteperu.com\/index.php\/wp-json\/wp\/v2\/posts\/39848\/revisions\/39851"}],"wp:featuredmedia":[{"embeddable":true,"href":"https:\/\/elinformanteperu.com\/index.php\/wp-json\/wp\/v2\/media\/39850"}],"wp:attachment":[{"href":"https:\/\/elinformanteperu.com\/index.php\/wp-json\/wp\/v2\/media?parent=39848"}],"wp:term":[{"taxonomy":"category","embeddable":true,"href":"https:\/\/elinformanteperu.com\/index.php\/wp-json\/wp\/v2\/categories?post=39848"},{"taxonomy":"post_tag","embeddable":true,"href":"https:\/\/elinformanteperu.com\/index.php\/wp-json\/wp\/v2\/tags?post=39848"}],"curies":[{"name":"wp","href":"https:\/\/api.w.org\/{rel}","templated":true}]}}