{"id":39825,"date":"2018-12-17T13:34:58","date_gmt":"2018-12-17T18:34:58","guid":{"rendered":"http:\/\/elinformanteperu.com\/?p=39825"},"modified":"2018-12-17T13:34:58","modified_gmt":"2018-12-17T18:34:58","slug":"queda-al-voto-pedido-apelacion-de-fujimori-contra-nulidad-de-indulto","status":"publish","type":"post","link":"https:\/\/elinformanteperu.com\/index.php\/2018\/12\/17\/queda-al-voto-pedido-apelacion-de-fujimori-contra-nulidad-de-indulto\/","title":{"rendered":"Queda al voto pedido apelaci\u00f3n de Fujimori contra nulidad de indulto"},"content":{"rendered":"<p><strong><span style=\"color: #000000;\">La Sala Penal Especial de la Corte Suprema dej\u00f3 al voto la apelaci\u00f3n del expresidente Alberto Fujimori contra la decisi\u00f3n que declara nulo su indulto humanitario.<\/span><\/strong><\/p>\n<p><span style=\"color: #000000;\"><strong>Lima, 17 de Diciembre 2018, (ANDINA).-<\/strong> La Sala Penal Especial de la Corte Suprema dej\u00f3 al voto la apelaci\u00f3n del expresidente Alberto Fujimori contra la decisi\u00f3n que declara nulo su indulto humanitario y ordena que contin\u00fae cumpliendo su sentencia por caso La Cantuta y Barrios Altos.<\/span><\/p>\n<p><span style=\"color: #000000;\">Jorge Luis Salas Arenas, presidente de la Sala Penal Especial, anunci\u00f3 que le decisi\u00f3n del tribunal se dar\u00e1 en el plazo establecido por ley y de esa forma tambi\u00e9n se dar\u00e1 a conocer.<\/span><\/p>\n<p><span style=\"color: #000000;\">Al t\u00e9rmino de la audiencia, Carlos Rivera, abogado de las victimas del caso La Cantuta y Barrios Altos, indic\u00f3 que solicitaron a la Sala confirmar la decisi\u00f3n del Juzgado de Investigaci\u00f3n Preparatoria de la Corte Suprema que declar\u00f3 nulo el indulto humanitario.<\/span><\/p>\n<p><span style=\"color: #000000;\">\u201cNuestra posici\u00f3n es que ac\u00e1 no hay cosa juzgada, eso solo puede ser motivo de cumplimiento en cosas regulares, con el debido proceso, consideramos que aqu\u00ed hubo un hecho de car\u00e1cter abiertamente irregular y que fue constatado por la Corte Interamericana de Derechos Humanos\u201d, afirm\u00f3.<\/span><\/p>\n<p><span style=\"color: #000000;\">Precis\u00f3 que la raz\u00f3n por la cual el juez Jorge N\u00fa\u00f1ez Julca, titular del Juzgado de Investigaci\u00f3n Preparatoria de la Corte Suprema, anul\u00f3 el indulto fue jur\u00eddica, en base a graves irregularidades dadas durante el tr\u00e1mite de este beneficio.<\/span><\/p>\n<p><span style=\"color: #000000;\">\u201cVenimos a defender la resoluci\u00f3n, buscando confirmar la medida\u201d, declar\u00f3 acompa\u00f1ado de los familiares de las v\u00edctimas de ambos casos por cuales Fujimori fue sentenciado a 25 a\u00f1os de prisi\u00f3n.<\/span><\/p>\n<p><span style=\"color: #000000;\">C\u00e9sar Nakazaki, abogado de Alberto Fujimori, en tanto, sostuvo que la \u00fanica v\u00eda en la justicia peruana para dejar sin efecto un indulto es el amparo, por la v\u00eda constitucional, por lo cual consider\u00f3 que el beneficio a favor de su cliente tiene car\u00e1cter de cosa juzgada.<\/span><\/p>\n<p><span style=\"color: #000000;\">Cuestion\u00f3, en ese sentido, que la defensa de los familiares de las v\u00edctimas haya recurrido a un juzgado penal para el control de convencionalidad que termin\u00f3 con la nulidad del indulto.<\/span><\/p>\n<p><span style=\"color: #000000;\">\u201cEllos quieren que el indulto lo revise quien no dice la Constituci\u00f3n y la ley que es el juez Julca\u201d, sostuvo.<\/span><\/p>\n<p><span style=\"color: #000000;\">Nakazaki pidi\u00f3 a la Sala revocar la decisi\u00f3n del juez Julca y que se respete la validez del indulto humanitario.<\/span><\/p>\n<p><img fetchpriority=\"high\" decoding=\"async\" class=\"aligncenter size-full wp-image-39828\" src=\"http:\/\/elinformanteperu.com\/wp-content\/uploads\/2018\/12\/sala-penal-fujimori-indulto1.jpg\" alt=\"\" width=\"1800\" height=\"1099\" srcset=\"https:\/\/elinformanteperu.com\/wp-content\/uploads\/2018\/12\/sala-penal-fujimori-indulto1.jpg 1800w, https:\/\/elinformanteperu.com\/wp-content\/uploads\/2018\/12\/sala-penal-fujimori-indulto1-300x183.jpg 300w, https:\/\/elinformanteperu.com\/wp-content\/uploads\/2018\/12\/sala-penal-fujimori-indulto1-768x469.jpg 768w, https:\/\/elinformanteperu.com\/wp-content\/uploads\/2018\/12\/sala-penal-fujimori-indulto1-1024x625.jpg 1024w, https:\/\/elinformanteperu.com\/wp-content\/uploads\/2018\/12\/sala-penal-fujimori-indulto1-128x78.jpg 128w, https:\/\/elinformanteperu.com\/wp-content\/uploads\/2018\/12\/sala-penal-fujimori-indulto1-32x20.jpg 32w\" sizes=\"(max-width: 1800px) 100vw, 1800px\" \/><\/p>\n","protected":false},"excerpt":{"rendered":"<p>La Sala Penal Especial de la Corte Suprema dej\u00f3 al voto la apelaci\u00f3n del expresidente Alberto Fujimori contra la decisi\u00f3n que declara nulo su indulto humanitario. Lima, 17 de Diciembre 2018, (ANDINA).- La Sala Penal Especial de la Corte Suprema dej\u00f3 al voto la apelaci\u00f3n del expresidente Alberto Fujimori contra la decisi\u00f3n que declara nulo [&hellip;]<\/p>\n","protected":false},"author":1,"featured_media":39827,"comment_status":"open","ping_status":"open","sticky":false,"template":"","format":"standard","meta":{"rop_custom_images_group":[],"rop_custom_messages_group":[],"rop_publish_now":"initial","rop_publish_now_accounts":[],"rop_publish_now_history":[],"rop_publish_now_status":"pending","footnotes":""},"categories":[5],"tags":[343,1526],"class_list":["post-39825","post","type-post","status-publish","format-standard","has-post-thumbnail","hentry","category-actualidad-informativa","tag-alberto-fujimori","tag-corte-suprema-de-justicia-de-lima"],"_links":{"self":[{"href":"https:\/\/elinformanteperu.com\/index.php\/wp-json\/wp\/v2\/posts\/39825","targetHints":{"allow":["GET"]}}],"collection":[{"href":"https:\/\/elinformanteperu.com\/index.php\/wp-json\/wp\/v2\/posts"}],"about":[{"href":"https:\/\/elinformanteperu.com\/index.php\/wp-json\/wp\/v2\/types\/post"}],"author":[{"embeddable":true,"href":"https:\/\/elinformanteperu.com\/index.php\/wp-json\/wp\/v2\/users\/1"}],"replies":[{"embeddable":true,"href":"https:\/\/elinformanteperu.com\/index.php\/wp-json\/wp\/v2\/comments?post=39825"}],"version-history":[{"count":1,"href":"https:\/\/elinformanteperu.com\/index.php\/wp-json\/wp\/v2\/posts\/39825\/revisions"}],"predecessor-version":[{"id":39829,"href":"https:\/\/elinformanteperu.com\/index.php\/wp-json\/wp\/v2\/posts\/39825\/revisions\/39829"}],"wp:featuredmedia":[{"embeddable":true,"href":"https:\/\/elinformanteperu.com\/index.php\/wp-json\/wp\/v2\/media\/39827"}],"wp:attachment":[{"href":"https:\/\/elinformanteperu.com\/index.php\/wp-json\/wp\/v2\/media?parent=39825"}],"wp:term":[{"taxonomy":"category","embeddable":true,"href":"https:\/\/elinformanteperu.com\/index.php\/wp-json\/wp\/v2\/categories?post=39825"},{"taxonomy":"post_tag","embeddable":true,"href":"https:\/\/elinformanteperu.com\/index.php\/wp-json\/wp\/v2\/tags?post=39825"}],"curies":[{"name":"wp","href":"https:\/\/api.w.org\/{rel}","templated":true}]}}