{"id":39398,"date":"2018-12-11T20:13:54","date_gmt":"2018-12-12T01:13:54","guid":{"rendered":"http:\/\/elinformanteperu.com\/?p=39398"},"modified":"2018-12-11T20:13:54","modified_gmt":"2018-12-12T01:13:54","slug":"jefferson-farfan-es-reconocido-en-alemania-por-su-paso-en-el-schalke-04","status":"publish","type":"post","link":"https:\/\/elinformanteperu.com\/index.php\/2018\/12\/11\/jefferson-farfan-es-reconocido-en-alemania-por-su-paso-en-el-schalke-04\/","title":{"rendered":"Jefferson Farf\u00e1n es reconocido en Alemania por su paso en el Schalke 04"},"content":{"rendered":"<p><strong><span style=\"color: #000000;\">El delantero de la selecci\u00f3n peruana. Jefferson Farf\u00e1n, fue homenajeado previo al partido que juega su club, el Lokomotiv Mosc\u00fa ante el Schalke 04.<\/span><\/strong><\/p>\n<p><span style=\"color: #000000;\"><strong>Gelsenkirchen, 11 de Diciembre 2018, (ANDINA).-<\/strong> El delantero de la selecci\u00f3n peruana. Jefferson Farf\u00e1n, fue homenajeado previo al partido que juega su club, el Lokomotiv Mosc\u00fa ante el Schalke 04, equipo que a\u00fan recuerda el paso del delantero nacional, por la Liga de Campeones.<\/span><\/p>\n<p><span style=\"color: #000000;\">Farf\u00e1n, quien jug\u00f3 en el Schalke 04 entre 2008 y 2015, recibi\u00f3 junto a su compa\u00f1ero Benedikt H\u00f6wedes un homenaje por el tiempo que pasaron en el equipo alem\u00e1n.<\/span><\/p>\n<p><span style=\"color: #000000;\">Ambos futbolistas recibieron un cuadro con fotos con sus mejores momentos en el equipo minutos antes del inicio del partido por el Grupo D de la Champions.<\/span><\/p>\n<p><img fetchpriority=\"high\" decoding=\"async\" class=\"aligncenter size-full wp-image-39401\" src=\"http:\/\/elinformanteperu.com\/wp-content\/uploads\/2018\/12\/Tweet-Farfan.jpg\" alt=\"\" width=\"517\" height=\"493\" srcset=\"https:\/\/elinformanteperu.com\/wp-content\/uploads\/2018\/12\/Tweet-Farfan.jpg 517w, https:\/\/elinformanteperu.com\/wp-content\/uploads\/2018\/12\/Tweet-Farfan-300x286.jpg 300w, https:\/\/elinformanteperu.com\/wp-content\/uploads\/2018\/12\/Tweet-Farfan-128x122.jpg 128w, https:\/\/elinformanteperu.com\/wp-content\/uploads\/2018\/12\/Tweet-Farfan-32x32.jpg 32w\" sizes=\"(max-width: 517px) 100vw, 517px\" \/><\/p>\n","protected":false},"excerpt":{"rendered":"<p>El delantero de la selecci\u00f3n peruana. Jefferson Farf\u00e1n, fue homenajeado previo al partido que juega su club, el Lokomotiv Mosc\u00fa ante el Schalke 04. Gelsenkirchen, 11 de Diciembre 2018, (ANDINA).- El delantero de la selecci\u00f3n peruana. Jefferson Farf\u00e1n, fue homenajeado previo al partido que juega su club, el Lokomotiv Mosc\u00fa ante el Schalke 04, equipo [&hellip;]<\/p>\n","protected":false},"author":1,"featured_media":39400,"comment_status":"open","ping_status":"open","sticky":false,"template":"","format":"standard","meta":{"rop_custom_images_group":[],"rop_custom_messages_group":[],"rop_publish_now":"initial","rop_publish_now_accounts":[],"rop_publish_now_history":[],"rop_publish_now_status":"pending","footnotes":""},"categories":[8],"tags":[670,3920],"class_list":["post-39398","post","type-post","status-publish","format-standard","has-post-thumbnail","hentry","category-disciplinas-deportivas","tag-jefferson-farfan","tag-schalke-04"],"_links":{"self":[{"href":"https:\/\/elinformanteperu.com\/index.php\/wp-json\/wp\/v2\/posts\/39398","targetHints":{"allow":["GET"]}}],"collection":[{"href":"https:\/\/elinformanteperu.com\/index.php\/wp-json\/wp\/v2\/posts"}],"about":[{"href":"https:\/\/elinformanteperu.com\/index.php\/wp-json\/wp\/v2\/types\/post"}],"author":[{"embeddable":true,"href":"https:\/\/elinformanteperu.com\/index.php\/wp-json\/wp\/v2\/users\/1"}],"replies":[{"embeddable":true,"href":"https:\/\/elinformanteperu.com\/index.php\/wp-json\/wp\/v2\/comments?post=39398"}],"version-history":[{"count":1,"href":"https:\/\/elinformanteperu.com\/index.php\/wp-json\/wp\/v2\/posts\/39398\/revisions"}],"predecessor-version":[{"id":39402,"href":"https:\/\/elinformanteperu.com\/index.php\/wp-json\/wp\/v2\/posts\/39398\/revisions\/39402"}],"wp:featuredmedia":[{"embeddable":true,"href":"https:\/\/elinformanteperu.com\/index.php\/wp-json\/wp\/v2\/media\/39400"}],"wp:attachment":[{"href":"https:\/\/elinformanteperu.com\/index.php\/wp-json\/wp\/v2\/media?parent=39398"}],"wp:term":[{"taxonomy":"category","embeddable":true,"href":"https:\/\/elinformanteperu.com\/index.php\/wp-json\/wp\/v2\/categories?post=39398"},{"taxonomy":"post_tag","embeddable":true,"href":"https:\/\/elinformanteperu.com\/index.php\/wp-json\/wp\/v2\/tags?post=39398"}],"curies":[{"name":"wp","href":"https:\/\/api.w.org\/{rel}","templated":true}]}}