{"id":39354,"date":"2018-12-10T21:18:56","date_gmt":"2018-12-11T02:18:56","guid":{"rendered":"http:\/\/elinformanteperu.com\/?p=39354"},"modified":"2018-12-10T21:18:56","modified_gmt":"2018-12-11T02:18:56","slug":"estallido-de-alegria-y-celebracion-rojiblanca-en-buenos-aires","status":"publish","type":"post","link":"https:\/\/elinformanteperu.com\/index.php\/2018\/12\/10\/estallido-de-alegria-y-celebracion-rojiblanca-en-buenos-aires\/","title":{"rendered":"Estallido de alegr\u00eda y celebraci\u00f3n rojiblanca en Buenos Aires"},"content":{"rendered":"<p><strong><span style=\"color: #000000;\">Miles de hinchas de River Plate se volcaron al centro de Buenos Aires, a poco de la pitada que cerr\u00f3 la controvertida final que les permiti\u00f3 alzar su cuarta Copa.<\/span><\/strong><\/p>\n<p><span style=\"color: #000000;\"><strong>Buenos Aires, 10 de Diciembre 2018, (ANDINA).-<\/strong> Miles de hinchas de River Plate se volcaron al centro de Buenos Aires, a poco de la pitada que cerr\u00f3 la controvertida final que les permiti\u00f3 alzar su cuarta Copa Libertadores frente a su archirrival Boca Juniors, aunque a 11.000 km de distancia, en Madrid.<\/span><\/p>\n<p><span style=\"color: #000000;\">\u00abSiento emoci\u00f3n enorme y m\u00e1s contra Boca. Nunca lo viv\u00ed y ahora que tengo 21 a\u00f1os lo vivo y es algo hermoso\u00bb, dijo a la AFP Jonhatan Carballo, que acerc\u00f3 a participar de los festejos, montado en su moto y junto con su novia, ambos con casaca de River.<\/span><\/p>\n<p><span style=\"color: #000000;\">Carballo fue uno de los 60.000 hinchas que el 24 de noviembre hab\u00edan estado en el estadio Monumental cuando se suspendi\u00f3 la revancha de la final, luego de que aficionados violentos arrojaran piedras contra el autob\u00fas del plantel de Boca que hiri\u00f3 a un par de jugadores mientras gases lacrim\u00f3genos arrojados por la polic\u00eda agravaban el cuadro.<\/span><\/p>\n<p><span style=\"color: #000000;\">Luego de los incidentes que obligaron a trasladar la final de la Libertadores a Madrid, los festejos la noche de este domingo en Buenos Aires se desarrollaban sin incidentes, en medio de un moderado operativo seguridad.<\/span><\/p>\n<p><span style=\"color: #000000;\">\u00abUn poco de bronca da que se haya jugado en Madrid y no en el Monumental. Pero ya est\u00e1, se jug\u00f3, les ganamos y a festejar\u00bb, lanz\u00f3 antes de emprender la caminata hacia el Obelisco, tradicional cita de festejo futbol\u00edstico en el centro de Buenos Aires.<\/span><\/p>\n<p><span style=\"color: #000000;\">Familias enteras, amigos, grupos de hinchas con banderas y casacas rojiblancas, se fueron juntando, mientras sonaban bocinas y c\u00e1nticos, alentando al club campe\u00f3n pero tambi\u00e9n con dedicatoria especial a los archienemigos que no pudieron sumar su Libertadores n\u00famero siete.<\/span><\/p>\n<p><span style=\"color: #000000;\">\u00abUn minuto de silencio para Boca que est\u00e1 muerto\u00bb, entonaban algunos, otros prefer\u00edan el \u00abdale campe\u00f3n, dale campe\u00f3n\u00bb, mientras los vendedores de banderas y cotill\u00f3n trataban de colocar sus productos.<\/span><\/p>\n<p><span style=\"color: #000000;\">Cuando terminaba el partido una fuerte lluvia se abati\u00f3 sobre la capital argentina, pero de a poco el cielo se despej\u00f3 invitando a la celebraci\u00f3n.<\/span><\/p>\n<p><span style=\"color: #000000;\">\u00abVenimos a festejar en familia. Lo que pas\u00f3 en el Monumental fue una verg\u00fcenza por todos los hinchas que fueron. Es una falta de respeto por ellos, pero el f\u00fatbol es as\u00ed ac\u00e1 en Argentina, lamentablemente\u00bb dijo Romina Garrido, de 37 a\u00f1os, que, bandera en mano, llevaba de la mano a su peque\u00f1o hijo Gast\u00f3n.<\/span><\/p>\n<p><span style=\"color: #000000;\">Romina nunca dud\u00f3 que River ser\u00eda campe\u00f3n porque \u00able tengo una fe ciega a (DT Marcelo) Gallardo, que nos dio estos triunfos y estas alegr\u00edas\u00bb, se entusiasm\u00f3 emocionada y con la voz quebrada record\u00f3 a su padre que la hizo hincha de River desde muy peque\u00f1a.<\/span><\/p>\n<p><strong><span style=\"color: #000000;\">Dedicado a Macri y Angelici<\/span><\/strong><\/p>\n<p><img fetchpriority=\"high\" decoding=\"async\" class=\"aligncenter size-full wp-image-39345\" src=\"http:\/\/elinformanteperu.com\/wp-content\/uploads\/2018\/12\/river-copa.jpg\" alt=\"\" width=\"1800\" height=\"1201\" srcset=\"https:\/\/elinformanteperu.com\/wp-content\/uploads\/2018\/12\/river-copa.jpg 1800w, https:\/\/elinformanteperu.com\/wp-content\/uploads\/2018\/12\/river-copa-300x200.jpg 300w, https:\/\/elinformanteperu.com\/wp-content\/uploads\/2018\/12\/river-copa-768x512.jpg 768w, https:\/\/elinformanteperu.com\/wp-content\/uploads\/2018\/12\/river-copa-1024x683.jpg 1024w, https:\/\/elinformanteperu.com\/wp-content\/uploads\/2018\/12\/river-copa-128x85.jpg 128w, https:\/\/elinformanteperu.com\/wp-content\/uploads\/2018\/12\/river-copa-32x21.jpg 32w\" sizes=\"(max-width: 1800px) 100vw, 1800px\" \/><\/p>\n<p><span style=\"color: #000000;\">\u00abCon este \u00e1rbitro pens\u00e1bamos que no ven\u00edamos\u00bb a festejar, dijo a la AFP Sergio Mart\u00ednez, un camionero de 40 a\u00f1os que lleg\u00f3 al Obelisco con su familia desde Villa Lugano al extremo sudeste de la ciudad, convencido de que River merec\u00eda su cuarta Copa Libertadores.<\/span><\/p>\n<p><span style=\"color: #000000;\">Admiti\u00f3 que cre\u00eda que el t\u00edtulo era para Boca pero responsabilizaba al \u00e1rbitro uruguayo Andr\u00e9s Cunha, que seg\u00fan \u00e9l ya \u00abnos hab\u00eda tirado al bombo (perjudicado) ante Lan\u00fas\u00bb, en semifinales de Libertadores en 2017.<\/span><\/p>\n<p><span style=\"color: #000000;\">El t\u00edtulo \u00abse lo dedicamos a (Mauricio) Macri, a (Claudio) Tapia y a (Daniel) Angelici\u00bb, agreg\u00f3 en alusi\u00f3n al mandatario argentino, expresidente e hincha de Boca, al titular de la AFA y al actual presidente del club xeneize.<\/span><\/p>\n<p><strong><span style=\"color: #000000;\">Un sentimiento<\/span><\/strong><\/p>\n<p><img decoding=\"async\" class=\"aligncenter size-full wp-image-39247\" src=\"http:\/\/elinformanteperu.com\/wp-content\/uploads\/2018\/12\/River-Boca-Madrid2.jpg\" alt=\"\" width=\"1800\" height=\"1201\" srcset=\"https:\/\/elinformanteperu.com\/wp-content\/uploads\/2018\/12\/River-Boca-Madrid2.jpg 1800w, https:\/\/elinformanteperu.com\/wp-content\/uploads\/2018\/12\/River-Boca-Madrid2-300x200.jpg 300w, https:\/\/elinformanteperu.com\/wp-content\/uploads\/2018\/12\/River-Boca-Madrid2-768x512.jpg 768w, https:\/\/elinformanteperu.com\/wp-content\/uploads\/2018\/12\/River-Boca-Madrid2-1024x683.jpg 1024w, https:\/\/elinformanteperu.com\/wp-content\/uploads\/2018\/12\/River-Boca-Madrid2-128x85.jpg 128w, https:\/\/elinformanteperu.com\/wp-content\/uploads\/2018\/12\/River-Boca-Madrid2-32x21.jpg 32w\" sizes=\"(max-width: 1800px) 100vw, 1800px\" \/><\/p>\n<p><span style=\"color: #000000;\">En el barrio de Belgrano, vecino a N\u00fa\u00f1ez, donde se emplaza el Monumental de River, la primera explosi\u00f3n lleg\u00f3 a los 109 minutos cuando el colombiano Juan Quintero anot\u00f3 el segundo gol del &#8216;millonario&#8217; que abrir\u00eda la puerta al t\u00edtulo ante un Boca con un hombre menos por la expulsi\u00f3n del tambi\u00e9n colombiano Wilmar Barrios por doble amarilla.<\/span><\/p>\n<p><span style=\"color: #000000;\">En la otra punta de la ciudad, en la Boca, el gol de Quintero fue un balde de agua fr\u00eda pero al t\u00e9rmino del partido la m\u00fasica de los bombos auriazules segu\u00eda.<\/span><\/p>\n<p><span style=\"color: #000000;\">\u00abEsto es as\u00ed, el f\u00fatbol es as\u00ed, se gana o se pierde pero el sentimiento no se termina nunca, te lo cantan los hinchas. Aguante Boca\u00bb, declar\u00f3 a la AFP Romina L\u00f3pez, cerca de la Bombonera, pese a la tristeza de la derrota 3-1.<\/span><\/p>\n<p><span style=\"color: #000000;\">En River el estallido de alegr\u00eda fue proporcional a la tensi\u00f3n vivida en las \u00faltimas semanas cuando la llamada \u00absuperfinal del siglo\u00bb se demor\u00f3 28 d\u00edas en definirse desde el partido de ida en la Bombonera (2-2).<\/span><\/p>\n<p><span style=\"color: #000000;\">Cambio de fechas para no coincidir con la cumbre del G20 en Buenos Aires a fin de noviembre por cuestiones de seguridad, lluvias torrenciales inusuales con inundaci\u00f3n de la cancha de boca, reprogramciones de partidos, la violencia que oblig\u00f3 a la suspensi\u00f3n, protesta de Boca, reclamo de River por la local\u00eda&#8230;, un coctel explosivo que termin\u00f3 con un festejo &#8216;millonario&#8217; en el estadio Bernab\u00e9u del Real Madrid, a 11.000 km de su lugar natural.<\/span><\/p>\n<p><span style=\"color: #000000;\">La final m\u00e1s larga del mundo, podr\u00eda llamarse esta definici\u00f3n in\u00e9dita entre archirrivales argentinos de la Libertadores, casi como una emulaci\u00f3n del cuento del escritor argentino Osvaldo Soriano \u00abEl penal m\u00e1s largo del mundo\u00bb.<\/span><\/p>\n<p><img decoding=\"async\" class=\"aligncenter size-full wp-image-37352\" src=\"http:\/\/elinformanteperu.com\/wp-content\/uploads\/2018\/11\/boca-river-final-bombonera1.jpg\" alt=\"\" width=\"1800\" height=\"1201\" srcset=\"https:\/\/elinformanteperu.com\/wp-content\/uploads\/2018\/11\/boca-river-final-bombonera1.jpg 1800w, https:\/\/elinformanteperu.com\/wp-content\/uploads\/2018\/11\/boca-river-final-bombonera1-300x200.jpg 300w, https:\/\/elinformanteperu.com\/wp-content\/uploads\/2018\/11\/boca-river-final-bombonera1-768x512.jpg 768w, https:\/\/elinformanteperu.com\/wp-content\/uploads\/2018\/11\/boca-river-final-bombonera1-1024x683.jpg 1024w, https:\/\/elinformanteperu.com\/wp-content\/uploads\/2018\/11\/boca-river-final-bombonera1-128x85.jpg 128w, https:\/\/elinformanteperu.com\/wp-content\/uploads\/2018\/11\/boca-river-final-bombonera1-32x21.jpg 32w\" sizes=\"(max-width: 1800px) 100vw, 1800px\" \/><\/p>\n","protected":false},"excerpt":{"rendered":"<p>Miles de hinchas de River Plate se volcaron al centro de Buenos Aires, a poco de la pitada que cerr\u00f3 la controvertida final que les permiti\u00f3 alzar su cuarta Copa. Buenos Aires, 10 de Diciembre 2018, (ANDINA).- Miles de hinchas de River Plate se volcaron al centro de Buenos Aires, a poco de la pitada [&hellip;]<\/p>\n","protected":false},"author":1,"featured_media":39356,"comment_status":"open","ping_status":"open","sticky":false,"template":"","format":"standard","meta":{"rop_custom_images_group":[],"rop_custom_messages_group":[],"rop_publish_now":"initial","rop_publish_now_accounts":[],"rop_publish_now_history":[],"rop_publish_now_status":"pending","footnotes":""},"categories":[8],"tags":[2583,1387],"class_list":["post-39354","post","type-post","status-publish","format-standard","has-post-thumbnail","hentry","category-disciplinas-deportivas","tag-copa-libertadores-2018","tag-river-plate"],"_links":{"self":[{"href":"https:\/\/elinformanteperu.com\/index.php\/wp-json\/wp\/v2\/posts\/39354","targetHints":{"allow":["GET"]}}],"collection":[{"href":"https:\/\/elinformanteperu.com\/index.php\/wp-json\/wp\/v2\/posts"}],"about":[{"href":"https:\/\/elinformanteperu.com\/index.php\/wp-json\/wp\/v2\/types\/post"}],"author":[{"embeddable":true,"href":"https:\/\/elinformanteperu.com\/index.php\/wp-json\/wp\/v2\/users\/1"}],"replies":[{"embeddable":true,"href":"https:\/\/elinformanteperu.com\/index.php\/wp-json\/wp\/v2\/comments?post=39354"}],"version-history":[{"count":1,"href":"https:\/\/elinformanteperu.com\/index.php\/wp-json\/wp\/v2\/posts\/39354\/revisions"}],"predecessor-version":[{"id":39357,"href":"https:\/\/elinformanteperu.com\/index.php\/wp-json\/wp\/v2\/posts\/39354\/revisions\/39357"}],"wp:featuredmedia":[{"embeddable":true,"href":"https:\/\/elinformanteperu.com\/index.php\/wp-json\/wp\/v2\/media\/39356"}],"wp:attachment":[{"href":"https:\/\/elinformanteperu.com\/index.php\/wp-json\/wp\/v2\/media?parent=39354"}],"wp:term":[{"taxonomy":"category","embeddable":true,"href":"https:\/\/elinformanteperu.com\/index.php\/wp-json\/wp\/v2\/categories?post=39354"},{"taxonomy":"post_tag","embeddable":true,"href":"https:\/\/elinformanteperu.com\/index.php\/wp-json\/wp\/v2\/tags?post=39354"}],"curies":[{"name":"wp","href":"https:\/\/api.w.org\/{rel}","templated":true}]}}