{"id":3912,"date":"2017-01-08T13:17:50","date_gmt":"2017-01-08T18:17:50","guid":{"rendered":"http:\/\/elinformanteperu.com\/?p=3912"},"modified":"2017-01-08T13:17:50","modified_gmt":"2017-01-08T18:17:50","slug":"suspenden-sexta-etapa-del-dakar-en-bolivia-por-lluvias","status":"publish","type":"post","link":"https:\/\/elinformanteperu.com\/index.php\/2017\/01\/08\/suspenden-sexta-etapa-del-dakar-en-bolivia-por-lluvias\/","title":{"rendered":"Suspenden sexta etapa del Dakar en Bolivia por lluvias"},"content":{"rendered":"<p><strong>La sexta etapa del Dakar 2017 de este s\u00e1bado entre Oruro y La Paz fue suspendida por las lluvias, inform\u00f3 el director deportivo del \u00abrally\u00bb, Marc Coma.<\/strong><\/p>\n<p><strong>Oruro, 07 Enero 2017, (ANDINA).-<\/strong> La sexta etapa del Dakar 2017 de este s\u00e1bado entre Oruro y La Paz fue suspendida por las lluvias, inform\u00f3 el director deportivo del \u00abrally\u00bb, Marc Coma, por lo que los competidores viajar\u00e1n directamente a la capital boliviana.<\/p>\n<p>\u00abSe decidi\u00f3 anular la especial&#8230; (del s\u00e1bado). Hemos tratado de hacer muchas cosas para tener una peque\u00f1a (prueba) especial, pero es imposible. Nos iremos directamente a La Paz\u00bb, dijo Coma al informar a los competidores.<\/p>\n<p><img fetchpriority=\"high\" decoding=\"async\" class=\"size-full wp-image-3914 aligncenter\" src=\"http:\/\/elinformanteperu.com\/wp-content\/uploads\/2017\/01\/dakar-bolivia1.jpg\" alt=\"\" width=\"790\" height=\"400\" srcset=\"https:\/\/elinformanteperu.com\/wp-content\/uploads\/2017\/01\/dakar-bolivia1.jpg 790w, https:\/\/elinformanteperu.com\/wp-content\/uploads\/2017\/01\/dakar-bolivia1-300x152.jpg 300w, https:\/\/elinformanteperu.com\/wp-content\/uploads\/2017\/01\/dakar-bolivia1-768x389.jpg 768w, https:\/\/elinformanteperu.com\/wp-content\/uploads\/2017\/01\/dakar-bolivia1-128x65.jpg 128w, https:\/\/elinformanteperu.com\/wp-content\/uploads\/2017\/01\/dakar-bolivia1-32x16.jpg 32w\" sizes=\"(max-width: 790px) 100vw, 790px\" \/><\/p>\n","protected":false},"excerpt":{"rendered":"<p>La sexta etapa del Dakar 2017 de este s\u00e1bado entre Oruro y La Paz fue suspendida por las lluvias, inform\u00f3 el director deportivo del \u00abrally\u00bb, Marc Coma. Oruro, 07 Enero 2017, (ANDINA).- La sexta etapa del Dakar 2017 de este s\u00e1bado entre Oruro y La Paz fue suspendida por las lluvias, inform\u00f3 el director deportivo [&hellip;]<\/p>\n","protected":false},"author":1,"featured_media":3913,"comment_status":"open","ping_status":"open","sticky":false,"template":"","format":"standard","meta":{"rop_custom_images_group":[],"rop_custom_messages_group":[],"rop_publish_now":"initial","rop_publish_now_accounts":[],"rop_publish_now_history":[],"rop_publish_now_status":"pending","footnotes":""},"categories":[8],"tags":[692],"class_list":["post-3912","post","type-post","status-publish","format-standard","has-post-thumbnail","hentry","category-disciplinas-deportivas","tag-dakar-2017"],"_links":{"self":[{"href":"https:\/\/elinformanteperu.com\/index.php\/wp-json\/wp\/v2\/posts\/3912","targetHints":{"allow":["GET"]}}],"collection":[{"href":"https:\/\/elinformanteperu.com\/index.php\/wp-json\/wp\/v2\/posts"}],"about":[{"href":"https:\/\/elinformanteperu.com\/index.php\/wp-json\/wp\/v2\/types\/post"}],"author":[{"embeddable":true,"href":"https:\/\/elinformanteperu.com\/index.php\/wp-json\/wp\/v2\/users\/1"}],"replies":[{"embeddable":true,"href":"https:\/\/elinformanteperu.com\/index.php\/wp-json\/wp\/v2\/comments?post=3912"}],"version-history":[{"count":1,"href":"https:\/\/elinformanteperu.com\/index.php\/wp-json\/wp\/v2\/posts\/3912\/revisions"}],"predecessor-version":[{"id":3915,"href":"https:\/\/elinformanteperu.com\/index.php\/wp-json\/wp\/v2\/posts\/3912\/revisions\/3915"}],"wp:featuredmedia":[{"embeddable":true,"href":"https:\/\/elinformanteperu.com\/index.php\/wp-json\/wp\/v2\/media\/3913"}],"wp:attachment":[{"href":"https:\/\/elinformanteperu.com\/index.php\/wp-json\/wp\/v2\/media?parent=3912"}],"wp:term":[{"taxonomy":"category","embeddable":true,"href":"https:\/\/elinformanteperu.com\/index.php\/wp-json\/wp\/v2\/categories?post=3912"},{"taxonomy":"post_tag","embeddable":true,"href":"https:\/\/elinformanteperu.com\/index.php\/wp-json\/wp\/v2\/tags?post=3912"}],"curies":[{"name":"wp","href":"https:\/\/api.w.org\/{rel}","templated":true}]}}