{"id":39096,"date":"2018-12-05T22:51:46","date_gmt":"2018-12-06T03:51:46","guid":{"rendered":"http:\/\/elinformanteperu.com\/?p=39096"},"modified":"2018-12-05T22:51:46","modified_gmt":"2018-12-06T03:51:46","slug":"jne-otorga-condecoracion-postuma-a-enrique-bernales","status":"publish","type":"post","link":"https:\/\/elinformanteperu.com\/index.php\/2018\/12\/05\/jne-otorga-condecoracion-postuma-a-enrique-bernales\/","title":{"rendered":"JNE otorga condecoraci\u00f3n p\u00f3stuma a Enrique Bernales"},"content":{"rendered":"<p><strong><span style=\"color: #000000;\">El Jurado Nacional de Elecciones otorg\u00f3 p\u00f3stumamente la medalla al m\u00e9rito c\u00edvico en el grado de \u00abDefensor de la Democracia\u00bb, al exsenador Enrique Bernales.<\/span><\/strong><\/p>\n<p><span style=\"color: #000000;\"><strong>Lima, 05 de Diciembre 2018, (ANDINA).-<\/strong> El Jurado Nacional de Elecciones (JNE) otorg\u00f3 p\u00f3stumamente la medalla al m\u00e9rito c\u00edvico en el grado de \u00abDefensor de la Democracia\u00bb, al exsenador y constitucionalista Enrique Bernales, fallecido el pasado 24 de noviembre.<\/span><\/p>\n<p><span style=\"color: #000000;\">A trav\u00e9s de la resoluci\u00f3n del organismo electoral, publicada en el bolet\u00edn de Normas Legales del Diario Oficial El Peruano, se\u00f1ala que esta condecoraci\u00f3n es \u00aben reconocimiento a su ilustre y notable labor, ejemplo de vida, dedicaci\u00f3n y compromiso en procura del fortalecimiento y consolidaci\u00f3n de la Democracia y los valores inherentes que ella defiende y ampara\u00bb.<\/span><\/p>\n<p><span style=\"color: #000000;\">Asimismo, en la parte considerativa se\u00f1ala que Bernales Ballesteros fue un destacado constitucionalista, escritos y pol\u00edtico peruano, habi\u00e9ndose desempe\u00f1ado como senador, relatar especial para la libre determinaci\u00f3n de los pueblos afectados por el conflicto armado y agresiones mercenarias de la Comisi\u00f3n de Derechos Humanos de las Naciones Unidas.<\/span><\/p>\n<p><span style=\"color: #000000;\">Tambi\u00e9n, por su labor como presidente de la Comisi\u00f3n de Derechos Humanos de las Naciones Unidas, asesor y consultor de la Organizaci\u00f3n Iberoamericana de la Juventud, y miembro de la Comisi\u00f3n Consultiva ad hoc del Ministerio de Relaciones Exteriores para la delimitaci\u00f3n mar\u00edtima entre Chile y Per\u00fa.<\/span><\/p>\n<p><span style=\"color: #000000;\">Igualmente, fue parte de la Comisi\u00f3n de la Verdad y Reconciliaci\u00f3n, organizaci\u00f3n creada para elaborar un informe sobre los hechos de violencia ocurridos durante el periodo 1980 y 2000.<\/span><\/p>\n<p><span style=\"color: #000000;\">El JNE agrega que Enrique Bernales ven\u00eda desempe\u00f1ando el cargo de titular del Tribunal de Honor del Pacto \u00c9tico Electoral de las Elecciones Regionales y Municipales de este a\u00f1o.<\/span><\/p>\n<p><span style=\"color: #000000;\">Como se recuerda, a finales de noviembre de este a\u00f1o el destacado constitucionalista falleci\u00f3 a los 78 a\u00f1os de edad, tras sufrir una penosa enfermedad.<\/span><\/p>\n","protected":false},"excerpt":{"rendered":"<p>El Jurado Nacional de Elecciones otorg\u00f3 p\u00f3stumamente la medalla al m\u00e9rito c\u00edvico en el grado de \u00abDefensor de la Democracia\u00bb, al exsenador Enrique Bernales. Lima, 05 de Diciembre 2018, (ANDINA).- El Jurado Nacional de Elecciones (JNE) otorg\u00f3 p\u00f3stumamente la medalla al m\u00e9rito c\u00edvico en el grado de \u00abDefensor de la Democracia\u00bb, al exsenador y constitucionalista [&hellip;]<\/p>\n","protected":false},"author":1,"featured_media":38350,"comment_status":"open","ping_status":"open","sticky":false,"template":"","format":"standard","meta":{"rop_custom_images_group":[],"rop_custom_messages_group":[],"rop_publish_now":"initial","rop_publish_now_accounts":[],"rop_publish_now_history":[],"rop_publish_now_status":"pending","footnotes":""},"categories":[5],"tags":[773,184,185],"class_list":["post-39096","post","type-post","status-publish","format-standard","has-post-thumbnail","hentry","category-actualidad-informativa","tag-enrique-bernales","tag-jne","tag-jurado-nacional-de-elecciones"],"_links":{"self":[{"href":"https:\/\/elinformanteperu.com\/index.php\/wp-json\/wp\/v2\/posts\/39096","targetHints":{"allow":["GET"]}}],"collection":[{"href":"https:\/\/elinformanteperu.com\/index.php\/wp-json\/wp\/v2\/posts"}],"about":[{"href":"https:\/\/elinformanteperu.com\/index.php\/wp-json\/wp\/v2\/types\/post"}],"author":[{"embeddable":true,"href":"https:\/\/elinformanteperu.com\/index.php\/wp-json\/wp\/v2\/users\/1"}],"replies":[{"embeddable":true,"href":"https:\/\/elinformanteperu.com\/index.php\/wp-json\/wp\/v2\/comments?post=39096"}],"version-history":[{"count":1,"href":"https:\/\/elinformanteperu.com\/index.php\/wp-json\/wp\/v2\/posts\/39096\/revisions"}],"predecessor-version":[{"id":39098,"href":"https:\/\/elinformanteperu.com\/index.php\/wp-json\/wp\/v2\/posts\/39096\/revisions\/39098"}],"wp:featuredmedia":[{"embeddable":true,"href":"https:\/\/elinformanteperu.com\/index.php\/wp-json\/wp\/v2\/media\/38350"}],"wp:attachment":[{"href":"https:\/\/elinformanteperu.com\/index.php\/wp-json\/wp\/v2\/media?parent=39096"}],"wp:term":[{"taxonomy":"category","embeddable":true,"href":"https:\/\/elinformanteperu.com\/index.php\/wp-json\/wp\/v2\/categories?post=39096"},{"taxonomy":"post_tag","embeddable":true,"href":"https:\/\/elinformanteperu.com\/index.php\/wp-json\/wp\/v2\/tags?post=39096"}],"curies":[{"name":"wp","href":"https:\/\/api.w.org\/{rel}","templated":true}]}}