{"id":39092,"date":"2018-12-05T22:49:19","date_gmt":"2018-12-06T03:49:19","guid":{"rendered":"http:\/\/elinformanteperu.com\/?p=39092"},"modified":"2018-12-05T22:49:19","modified_gmt":"2018-12-06T03:49:19","slug":"alan-garcia-reaparece-y-se-reunio-con-congresistas-apristas","status":"publish","type":"post","link":"https:\/\/elinformanteperu.com\/index.php\/2018\/12\/05\/alan-garcia-reaparece-y-se-reunio-con-congresistas-apristas\/","title":{"rendered":"Alan Garc\u00eda reaparece y se reuni\u00f3 con congresistas apristas"},"content":{"rendered":"<p><strong><span style=\"color: #000000;\">El expresidente Alan Garc\u00eda reapareci\u00f3 al recibir, en su domicilio, a los congresistas apristas y otros representantes del partido.<\/span><\/strong><\/p>\n<p><span style=\"color: #000000;\"><strong>Lima, 04 de Diciembre 2018, (ANDINA).-<\/strong> El expresidente Alan Garc\u00eda reapareci\u00f3 al recibir, en su domicilio, a los congresistas apristas y otros representantes del partido.<\/span><\/p>\n<p><span style=\"color: #000000;\">Aunque la reuni\u00f3n se efectu\u00f3 en privado, participaron los legisladores Jorge del Castillo, Mauricio Mulder, El\u00edas Rodr\u00edguez, Javier Vel\u00e1squez y el excongresista aprista Luis Gonzales Posada.<\/span><\/p>\n<p><span style=\"color: #000000;\">El mismo Garc\u00eda utiliz\u00f3 las redes sociales para informar sobre el encuentro.<\/span><\/p>\n<p><span style=\"color: #000000;\">\u201cFraterna reuni\u00f3n de an\u00e1lisis y pol\u00edtica con los compa\u00f1eros congresistas. Les agradezco a ellos y a todos los militantes su afecto. Viva el Apra\u201d, dice el Tuit.<\/span><\/p>\n<p><span style=\"color: #000000;\">Alan Garc\u00eda permanece en su domicilio, tras abandonar la residencia del embajador del Uruguay en Lima y luego de ser notificado del rechazo al asilo que solicit\u00f3 al Gobierno de ese pa\u00eds.<\/span><\/p>\n<p><span style=\"color: #000000;\">El expresidente tiene impedimento de salida del pa\u00eds.<\/span><\/p>\n","protected":false},"excerpt":{"rendered":"<p>El expresidente Alan Garc\u00eda reapareci\u00f3 al recibir, en su domicilio, a los congresistas apristas y otros representantes del partido. Lima, 04 de Diciembre 2018, (ANDINA).- El expresidente Alan Garc\u00eda reapareci\u00f3 al recibir, en su domicilio, a los congresistas apristas y otros representantes del partido. Aunque la reuni\u00f3n se efectu\u00f3 en privado, participaron los legisladores Jorge [&hellip;]<\/p>\n","protected":false},"author":1,"featured_media":39094,"comment_status":"open","ping_status":"open","sticky":false,"template":"","format":"standard","meta":{"rop_custom_images_group":[],"rop_custom_messages_group":[],"rop_publish_now":"initial","rop_publish_now_accounts":[],"rop_publish_now_history":[],"rop_publish_now_status":"pending","footnotes":""},"categories":[5],"tags":[854],"class_list":["post-39092","post","type-post","status-publish","format-standard","has-post-thumbnail","hentry","category-actualidad-informativa","tag-alan-garcia"],"_links":{"self":[{"href":"https:\/\/elinformanteperu.com\/index.php\/wp-json\/wp\/v2\/posts\/39092","targetHints":{"allow":["GET"]}}],"collection":[{"href":"https:\/\/elinformanteperu.com\/index.php\/wp-json\/wp\/v2\/posts"}],"about":[{"href":"https:\/\/elinformanteperu.com\/index.php\/wp-json\/wp\/v2\/types\/post"}],"author":[{"embeddable":true,"href":"https:\/\/elinformanteperu.com\/index.php\/wp-json\/wp\/v2\/users\/1"}],"replies":[{"embeddable":true,"href":"https:\/\/elinformanteperu.com\/index.php\/wp-json\/wp\/v2\/comments?post=39092"}],"version-history":[{"count":1,"href":"https:\/\/elinformanteperu.com\/index.php\/wp-json\/wp\/v2\/posts\/39092\/revisions"}],"predecessor-version":[{"id":39095,"href":"https:\/\/elinformanteperu.com\/index.php\/wp-json\/wp\/v2\/posts\/39092\/revisions\/39095"}],"wp:featuredmedia":[{"embeddable":true,"href":"https:\/\/elinformanteperu.com\/index.php\/wp-json\/wp\/v2\/media\/39094"}],"wp:attachment":[{"href":"https:\/\/elinformanteperu.com\/index.php\/wp-json\/wp\/v2\/media?parent=39092"}],"wp:term":[{"taxonomy":"category","embeddable":true,"href":"https:\/\/elinformanteperu.com\/index.php\/wp-json\/wp\/v2\/categories?post=39092"},{"taxonomy":"post_tag","embeddable":true,"href":"https:\/\/elinformanteperu.com\/index.php\/wp-json\/wp\/v2\/tags?post=39092"}],"curies":[{"name":"wp","href":"https:\/\/api.w.org\/{rel}","templated":true}]}}