{"id":39086,"date":"2018-12-05T22:12:42","date_gmt":"2018-12-06T03:12:42","guid":{"rendered":"http:\/\/elinformanteperu.com\/?p=39086"},"modified":"2018-12-05T22:12:42","modified_gmt":"2018-12-06T03:12:42","slug":"mamani-me-quieren-cortar-la-cabeza-lo-mas-rapido-posible","status":"publish","type":"post","link":"https:\/\/elinformanteperu.com\/index.php\/2018\/12\/05\/mamani-me-quieren-cortar-la-cabeza-lo-mas-rapido-posible\/","title":{"rendered":"Mamani: me quieren cortar la cabeza lo m\u00e1s r\u00e1pido posible"},"content":{"rendered":"<p><strong><span style=\"color: #000000;\">El legislador fujimorista Mois\u00e9s Mamani cuestion\u00f3 la celeridad con la que la Comisi\u00f3n de \u00c9tica del Congreso decidi\u00f3 proponer su suspensi\u00f3n por 120 d\u00edas.<\/span><\/strong><\/p>\n<p><span style=\"color: #000000;\"><strong>Lima, 04 de Diciembre 2018, (ANDINA).-<\/strong> El legislador fujimorista Mois\u00e9s Mamani cuestion\u00f3 la celeridad con la que la Comisi\u00f3n de \u00c9tica del Congreso decidi\u00f3 proponer su suspensi\u00f3n por 120 d\u00edas a ra\u00edz de la denuncia de tocamientos indebidos formulada por una aeromoza de la empresa Latam.<\/span><\/p>\n<p><span style=\"color: #000000;\">\u201cParece que me quieren cotar la cabeza lo m\u00e1s r\u00e1pido posible\u201d, manifest\u00f3 en declaraciones a la prensa.<\/span><\/p>\n<p><span style=\"color: #000000;\">El cuestionado parlamentario de Fuerza Popular dijo que su caso fue resuelto en un tiempo muy breve en la Comisi\u00f3n de \u00c9tica, incluso dejando de lado temas m\u00e1s urgentes.<\/span><\/p>\n<p><span style=\"color: #000000;\">\u201cHabiendo muchos temas pendientes para mi han corrido lo m\u00e1s r\u00e1pido posible\u201d, manifest\u00f3.<\/span><\/p>\n<p><span style=\"color: #000000;\">La Comisi\u00f3n de \u00c9tica aprob\u00f3 ayer un informe que recomienda al Pleno del Congreso suspender por 120 d\u00edas al parlamentario Mois\u00e9s Mamani, por los mencionados tocamientos indebidos.<\/span><\/p>\n<p><span style=\"color: #000000;\">La presidenta de dicho grupo de trabajo, Janet S\u00e1nchez, detall\u00f3 que el informe fue aprobado por unanimidad y se elabor\u00f3 tomando en cuenta los testimonios de las partes involucradas.<\/span><\/p>\n<p><span style=\"color: #000000;\">Mamani tambi\u00e9n ha sido denunciado constitucionalmente por este caso, por lo cual tambi\u00e9n es posible su desafuero.<\/span><\/p>\n<p><span style=\"color: #000000;\">Una aeromoza de la empresa Latam denunci\u00f3 que el congresista Mamani toc\u00f3 sus partes \u00edntimas cuando abordaban el avi\u00f3n que cubr\u00eda la ruta Puno \u2013 Lima, el pasado 14 de noviembre. La acusaci\u00f3n fue respaldada por la aerol\u00ednea.<\/span><\/p>\n<p><span style=\"color: #000000;\">Por ese hecho, Mamani fue obligado a abandonar la nave y posteriormente la agraviada present\u00f3 una denuncia policial en su contra.<\/span><\/p>\n<p><span style=\"color: #000000;\">El legislador neg\u00f3 la acusaci\u00f3n y asegur\u00f3 que fue un roce casual luego de desorientarse como producto de la diabetes que padece.<\/span><\/p>\n","protected":false},"excerpt":{"rendered":"<p>El legislador fujimorista Mois\u00e9s Mamani cuestion\u00f3 la celeridad con la que la Comisi\u00f3n de \u00c9tica del Congreso decidi\u00f3 proponer su suspensi\u00f3n por 120 d\u00edas. Lima, 04 de Diciembre 2018, (ANDINA).- El legislador fujimorista Mois\u00e9s Mamani cuestion\u00f3 la celeridad con la que la Comisi\u00f3n de \u00c9tica del Congreso decidi\u00f3 proponer su suspensi\u00f3n por 120 d\u00edas a [&hellip;]<\/p>\n","protected":false},"author":1,"featured_media":37807,"comment_status":"open","ping_status":"open","sticky":false,"template":"","format":"standard","meta":{"rop_custom_images_group":[],"rop_custom_messages_group":[],"rop_publish_now":"initial","rop_publish_now_accounts":[],"rop_publish_now_history":[],"rop_publish_now_status":"pending","footnotes":""},"categories":[5],"tags":[192,2929],"class_list":["post-39086","post","type-post","status-publish","format-standard","has-post-thumbnail","hentry","category-actualidad-informativa","tag-congreso","tag-moises-mamani"],"_links":{"self":[{"href":"https:\/\/elinformanteperu.com\/index.php\/wp-json\/wp\/v2\/posts\/39086","targetHints":{"allow":["GET"]}}],"collection":[{"href":"https:\/\/elinformanteperu.com\/index.php\/wp-json\/wp\/v2\/posts"}],"about":[{"href":"https:\/\/elinformanteperu.com\/index.php\/wp-json\/wp\/v2\/types\/post"}],"author":[{"embeddable":true,"href":"https:\/\/elinformanteperu.com\/index.php\/wp-json\/wp\/v2\/users\/1"}],"replies":[{"embeddable":true,"href":"https:\/\/elinformanteperu.com\/index.php\/wp-json\/wp\/v2\/comments?post=39086"}],"version-history":[{"count":1,"href":"https:\/\/elinformanteperu.com\/index.php\/wp-json\/wp\/v2\/posts\/39086\/revisions"}],"predecessor-version":[{"id":39088,"href":"https:\/\/elinformanteperu.com\/index.php\/wp-json\/wp\/v2\/posts\/39086\/revisions\/39088"}],"wp:featuredmedia":[{"embeddable":true,"href":"https:\/\/elinformanteperu.com\/index.php\/wp-json\/wp\/v2\/media\/37807"}],"wp:attachment":[{"href":"https:\/\/elinformanteperu.com\/index.php\/wp-json\/wp\/v2\/media?parent=39086"}],"wp:term":[{"taxonomy":"category","embeddable":true,"href":"https:\/\/elinformanteperu.com\/index.php\/wp-json\/wp\/v2\/categories?post=39086"},{"taxonomy":"post_tag","embeddable":true,"href":"https:\/\/elinformanteperu.com\/index.php\/wp-json\/wp\/v2\/tags?post=39086"}],"curies":[{"name":"wp","href":"https:\/\/api.w.org\/{rel}","templated":true}]}}