{"id":39083,"date":"2018-12-05T22:10:19","date_gmt":"2018-12-06T03:10:19","guid":{"rendered":"http:\/\/elinformanteperu.com\/?p=39083"},"modified":"2018-12-05T22:10:19","modified_gmt":"2018-12-06T03:10:19","slug":"mulder-niega-nuevo-pedido-de-asilo-a-costa-rica","status":"publish","type":"post","link":"https:\/\/elinformanteperu.com\/index.php\/2018\/12\/05\/mulder-niega-nuevo-pedido-de-asilo-a-costa-rica\/","title":{"rendered":"Mulder niega nuevo pedido de asilo a Costa Rica"},"content":{"rendered":"<p><strong><span style=\"color: #000000;\">El congresista del Apra, Mauricio Mulder, neg\u00f3 categ\u00f3ricamente que Alan Garc\u00eda haya hecho un nuevo pedido de asilo diplom\u00e1tico a otro pa\u00eds.<\/span><\/strong><\/p>\n<p><span style=\"color: #000000;\"><strong>Lima, 04 de Diciembre 2018, (ANDINA).- <\/strong>El congresista del Apra, Mauricio Mulder, neg\u00f3 categ\u00f3ricamente que Alan Garc\u00eda haya hecho un nuevo pedido de asilo diplom\u00e1tico a otro pa\u00eds.<\/span><\/p>\n<p><span style=\"color: #000000;\">Hoy, en entrevista con CNN, el presidente de Costa Rica, Carlos Alvarado, confirm\u00f3 que s\u00ed hubo una \u00abcomunicaci\u00f3n\u00bb con su pa\u00eds sobre un eventual pedido de asilo para el ex presidente Alan Garc\u00eda, pero no indic\u00f3 en qu\u00e9 fecha.<\/span><\/p>\n<p><span style=\"color: #000000;\">\u00abEso es falso, son cosas que se han inventado, no se ha pedido asilo en ning\u00fan otro pa\u00eds ni antes ni despu\u00e9s. En absoluto, no ha habido ni acercamiento\u00bb, dijo Mulder.<\/span><\/p>\n<p><span style=\"color: #000000;\">Asimismo, el legislador aprista dio algunos detalles de su visita a Alan Garc\u00eda, quien se encuentra en su residencia de Miraflores luego que el gobierno de Uruguay le negara el asilo diplom\u00e1tico.<\/span><\/p>\n<p><span style=\"color: #000000;\">Al respecto, se\u00f1al\u00f3 que el expresidente afrontar\u00e1 sus procesos judiciales, tal como lo hab\u00eda adelantado su abogado.<\/span><\/p>\n<p><span style=\"color: #000000;\">\u00abHemos tenido una reuni\u00f3n de coordinaci\u00f3n, no nos hemos puesto a fijar el pasado, estamos mirando hacia adelante.<\/span><\/p>\n<p><span style=\"color: #000000;\">Viene el refer\u00e9ndum el domingo, vienen temas judiciales, congresales. En el tema de la situaci\u00f3n jur\u00eddica de Alan Garc\u00eda lo \u00fanico que hacemos es escuchar, porque eso es materia de los abogados, nosotros somos pol\u00edticos\u00bb, dijo a la prensa.<\/span><\/p>\n<p><span style=\"color: #000000;\">Alan Garc\u00eda solicit\u00f3 asilo en la embajada de Uruguay luego que el Poder Judicial le ordenar\u00e1 18 meses de impedimento de salida del pa\u00eds, sin embargo, dicho pa\u00eds no concedi\u00f3 el pedido.<\/span><\/p>\n","protected":false},"excerpt":{"rendered":"<p>El congresista del Apra, Mauricio Mulder, neg\u00f3 categ\u00f3ricamente que Alan Garc\u00eda haya hecho un nuevo pedido de asilo diplom\u00e1tico a otro pa\u00eds. Lima, 04 de Diciembre 2018, (ANDINA).- El congresista del Apra, Mauricio Mulder, neg\u00f3 categ\u00f3ricamente que Alan Garc\u00eda haya hecho un nuevo pedido de asilo diplom\u00e1tico a otro pa\u00eds. Hoy, en entrevista con CNN, [&hellip;]<\/p>\n","protected":false},"author":1,"featured_media":37927,"comment_status":"open","ping_status":"open","sticky":false,"template":"","format":"standard","meta":{"rop_custom_images_group":[],"rop_custom_messages_group":[],"rop_publish_now":"initial","rop_publish_now_accounts":[],"rop_publish_now_history":[],"rop_publish_now_status":"pending","footnotes":""},"categories":[5],"tags":[854,3857,383],"class_list":["post-39083","post","type-post","status-publish","format-standard","has-post-thumbnail","hentry","category-actualidad-informativa","tag-alan-garcia","tag-extradicion-alan-garcia","tag-mauricio-mulder"],"_links":{"self":[{"href":"https:\/\/elinformanteperu.com\/index.php\/wp-json\/wp\/v2\/posts\/39083","targetHints":{"allow":["GET"]}}],"collection":[{"href":"https:\/\/elinformanteperu.com\/index.php\/wp-json\/wp\/v2\/posts"}],"about":[{"href":"https:\/\/elinformanteperu.com\/index.php\/wp-json\/wp\/v2\/types\/post"}],"author":[{"embeddable":true,"href":"https:\/\/elinformanteperu.com\/index.php\/wp-json\/wp\/v2\/users\/1"}],"replies":[{"embeddable":true,"href":"https:\/\/elinformanteperu.com\/index.php\/wp-json\/wp\/v2\/comments?post=39083"}],"version-history":[{"count":1,"href":"https:\/\/elinformanteperu.com\/index.php\/wp-json\/wp\/v2\/posts\/39083\/revisions"}],"predecessor-version":[{"id":39085,"href":"https:\/\/elinformanteperu.com\/index.php\/wp-json\/wp\/v2\/posts\/39083\/revisions\/39085"}],"wp:featuredmedia":[{"embeddable":true,"href":"https:\/\/elinformanteperu.com\/index.php\/wp-json\/wp\/v2\/media\/37927"}],"wp:attachment":[{"href":"https:\/\/elinformanteperu.com\/index.php\/wp-json\/wp\/v2\/media?parent=39083"}],"wp:term":[{"taxonomy":"category","embeddable":true,"href":"https:\/\/elinformanteperu.com\/index.php\/wp-json\/wp\/v2\/categories?post=39083"},{"taxonomy":"post_tag","embeddable":true,"href":"https:\/\/elinformanteperu.com\/index.php\/wp-json\/wp\/v2\/tags?post=39083"}],"curies":[{"name":"wp","href":"https:\/\/api.w.org\/{rel}","templated":true}]}}