{"id":39080,"date":"2018-12-05T22:07:08","date_gmt":"2018-12-06T03:07:08","guid":{"rendered":"http:\/\/elinformanteperu.com\/?p=39080"},"modified":"2018-12-05T22:07:08","modified_gmt":"2018-12-06T03:07:08","slug":"costa-rica-confirma-que-hubo-comunicacion-sobre-asilo-para-alan-garcia","status":"publish","type":"post","link":"https:\/\/elinformanteperu.com\/index.php\/2018\/12\/05\/costa-rica-confirma-que-hubo-comunicacion-sobre-asilo-para-alan-garcia\/","title":{"rendered":"Costa Rica confirma que hubo comunicaci\u00f3n sobre asilo para Alan Garc\u00eda"},"content":{"rendered":"<p><strong><span style=\"color: #000000;\">El presidente de Costa Rica, Carlos Alvarado, confirm\u00f3 en una entrevista que s\u00ed existi\u00f3 una \u00abcomunicaci\u00f3n\u00bb para un eventual pedido de asilo para el expresidente Alan Garc\u00eda.<\/span><\/strong><\/p>\n<p><span style=\"color: #000000;\"><strong>Lima, 04 de Diciembre 2018, (ANDINA).-<\/strong> El presidente de Costa Rica, Carlos Alvarado, confirm\u00f3 en una entrevista que s\u00ed existi\u00f3 una \u00abcomunicaci\u00f3n\u00bb para un eventual pedido de asilo para el expresidente Alan Garc\u00eda P\u00e9rez.<\/span><\/p>\n<p><span style=\"color: #000000;\">\u201cEn este caso sobre una primera comunicaci\u00f3n se hizo ver que la anuencia no est\u00e1 ah\u00ed presente en este momento para avanzar con esa condici\u00f3n\u201d, indic\u00f3 el mandatario en una entrevista con la cadena CNN.<\/span><\/p>\n<p><span style=\"color: #000000;\">Alvarado respondi\u00f3 que, en el caso del expresidente peruano y en general de los asilos pol\u00edticos, se tiene que evaluar con mucha seriedad desde el punto de vista jur\u00eddico.<\/span><\/p>\n<p><span style=\"color: #000000;\">El l\u00edder aprista solicit\u00f3 el 17 de noviembre, a la embajada de Uruguay, asilo pol\u00edtico pues afirmaba que exist\u00eda una persecuci\u00f3n en su contra. D\u00edas despu\u00e9s, dicha solicitud fue denegada por el gobierno uruguayo.<\/span><\/p>\n<p><span style=\"color: #000000;\">Luego de retirarse de la casa del embajador de Uruguay, Alan Garc\u00eda permanece en su casa de Miraflores y seg\u00fan su abogado no tiene planeado solicitar asilo a otro pa\u00eds.<\/span><\/p>\n<p><span style=\"color: #000000;\">Mencion\u00f3 que el expresidente afrontar\u00e1 su proceso judicial y colaborar\u00e1 con la justicia todas las veces que sea necesario.<\/span><\/p>\n","protected":false},"excerpt":{"rendered":"<p>El presidente de Costa Rica, Carlos Alvarado, confirm\u00f3 en una entrevista que s\u00ed existi\u00f3 una \u00abcomunicaci\u00f3n\u00bb para un eventual pedido de asilo para el expresidente Alan Garc\u00eda. Lima, 04 de Diciembre 2018, (ANDINA).- El presidente de Costa Rica, Carlos Alvarado, confirm\u00f3 en una entrevista que s\u00ed existi\u00f3 una \u00abcomunicaci\u00f3n\u00bb para un eventual pedido de asilo [&hellip;]<\/p>\n","protected":false},"author":1,"featured_media":37722,"comment_status":"open","ping_status":"open","sticky":false,"template":"","format":"standard","meta":{"rop_custom_images_group":[],"rop_custom_messages_group":[],"rop_publish_now":"initial","rop_publish_now_accounts":[],"rop_publish_now_history":[],"rop_publish_now_status":"pending","footnotes":""},"categories":[5],"tags":[854,2233,3857],"class_list":["post-39080","post","type-post","status-publish","format-standard","has-post-thumbnail","hentry","category-actualidad-informativa","tag-alan-garcia","tag-costa-rica","tag-extradicion-alan-garcia"],"_links":{"self":[{"href":"https:\/\/elinformanteperu.com\/index.php\/wp-json\/wp\/v2\/posts\/39080","targetHints":{"allow":["GET"]}}],"collection":[{"href":"https:\/\/elinformanteperu.com\/index.php\/wp-json\/wp\/v2\/posts"}],"about":[{"href":"https:\/\/elinformanteperu.com\/index.php\/wp-json\/wp\/v2\/types\/post"}],"author":[{"embeddable":true,"href":"https:\/\/elinformanteperu.com\/index.php\/wp-json\/wp\/v2\/users\/1"}],"replies":[{"embeddable":true,"href":"https:\/\/elinformanteperu.com\/index.php\/wp-json\/wp\/v2\/comments?post=39080"}],"version-history":[{"count":1,"href":"https:\/\/elinformanteperu.com\/index.php\/wp-json\/wp\/v2\/posts\/39080\/revisions"}],"predecessor-version":[{"id":39082,"href":"https:\/\/elinformanteperu.com\/index.php\/wp-json\/wp\/v2\/posts\/39080\/revisions\/39082"}],"wp:featuredmedia":[{"embeddable":true,"href":"https:\/\/elinformanteperu.com\/index.php\/wp-json\/wp\/v2\/media\/37722"}],"wp:attachment":[{"href":"https:\/\/elinformanteperu.com\/index.php\/wp-json\/wp\/v2\/media?parent=39080"}],"wp:term":[{"taxonomy":"category","embeddable":true,"href":"https:\/\/elinformanteperu.com\/index.php\/wp-json\/wp\/v2\/categories?post=39080"},{"taxonomy":"post_tag","embeddable":true,"href":"https:\/\/elinformanteperu.com\/index.php\/wp-json\/wp\/v2\/tags?post=39080"}],"curies":[{"name":"wp","href":"https:\/\/api.w.org\/{rel}","templated":true}]}}