{"id":39076,"date":"2018-12-05T22:01:36","date_gmt":"2018-12-06T03:01:36","guid":{"rendered":"http:\/\/elinformanteperu.com\/?p=39076"},"modified":"2018-12-05T22:01:36","modified_gmt":"2018-12-06T03:01:36","slug":"dakar-y-los-ultimos-detalles-de-la-competencia-que-se-correra-en-peru","status":"publish","type":"post","link":"https:\/\/elinformanteperu.com\/index.php\/2018\/12\/05\/dakar-y-los-ultimos-detalles-de-la-competencia-que-se-correra-en-peru\/","title":{"rendered":"Dakar y los \u00faltimos detalles de la competencia que se correr\u00e1 en Per\u00fa"},"content":{"rendered":"<p><strong><span style=\"color: #000000;\">El Dakar 2019, que se disputar\u00e1 \u00edntegramente en Per\u00fa, ser\u00e1 la edici\u00f3n m\u00e1s at\u00edpica de todas, al celebrarse por primera vez en un \u00fanico pa\u00eds.<\/span><\/strong><\/p>\n<p><span style=\"color: #000000;\"><strong>Lima, 04 de Diciembre 2018, (ANDINA).-<\/strong> El Dakar 2019, que se disputar\u00e1 \u00edntegramente en Per\u00fa, ser\u00e1 la edici\u00f3n m\u00e1s at\u00edpica de todas, al celebrarse por primera vez en un \u00fanico pa\u00eds, circunstancia que no ha afectado a la expectaci\u00f3n por el \u00abrally\u00bb m\u00e1s duro del mundo, que mantiene una nutrida participaci\u00f3n de 534 competidores de 61 nacionalidades.<\/span><\/p>\n<p><span style=\"color: #000000;\">El director del Dakar, Etienne Lavigne, explic\u00f3 este martes en Lima, durante la presentaci\u00f3n de la edici\u00f3n del 2019, que esta tendr\u00e1 un nuevo formato con solo diez etapas y tramos de competici\u00f3n m\u00e1s cortos, pero con la intensidad y dureza cl\u00e1sicas de la carrera.<\/span><\/p>\n<p><span style=\"color: #000000;\">\u00abSer\u00e1, definitivamente, una edici\u00f3n fuera de lo normal. La belleza de las dunas y las caracter\u00edsticas extremas del &#8216;rally&#8217; han atra\u00eddo a cientos de participantes\u00bb, valor\u00f3 Lavigne.<\/span><\/p>\n<p><span style=\"color: #000000;\">Entre los 334 veh\u00edculos inscritos hay 167 motos y \u00abquads\u00bb, 126 coches y 41 camiones, incluidos el espa\u00f1ol Carlos Sainz (Mini) y el austr\u00edaco Matthias Walkner (KTM), los vigentes campeones en las categor\u00edas de coches y motos, respectivamente, quienes defender\u00e1n sus coronas.<\/span><\/p>\n<p><span style=\"color: #000000;\">Por nacionalidades, los franceses, creadores de la carrera, tienen el mayor n\u00famero de representantes; seguidos de Espa\u00f1a y Holanda en segundo y tercer lugar, respectivamente; mientras que los anfitriones peruanos son quintos en este \u00abranking\u00bb.<\/span><\/p>\n<p><span style=\"color: #000000;\">En la lista de partida hay adem\u00e1s 135 pilotos debutantes, 69 \u00ableyendas\u00bb, que han intervenido en por lo menos diez ediciones; y 34 que correr\u00e1n en la categor\u00eda de los \u00aboriginales\u00bb, la m\u00e1s dura de todas, por no disponer de asistencia mec\u00e1nica durante toda la competici\u00f3n.<\/span><\/p>\n<p><span style=\"color: #000000;\">\u00abSer\u00e1 un Dakar de alt\u00edsimo nivel. Esta edici\u00f3n excepcional escribir\u00e1 una p\u00e1gina especial en la historia del &#8216;rally&#8217;. Gracias a Per\u00fa tenemos una geograf\u00eda excepcional y \u00fanica para armar un gran evento\u00bb, apunt\u00f3 Lavigne.<\/span><\/p>\n<p><span style=\"color: #000000;\">\u00abPreserven al m\u00e1ximo su condici\u00f3n f\u00edsica hasta el final y utilicen al m\u00e1ximo su conocimiento en el cruce de las dunas\u00bb, dijo el director del Dakar a los participantes peruanos que asistieron al acto.<\/span><\/p>\n<p><strong><span style=\"color: #000000;\">Lima hist\u00f3rica<\/span><\/strong><\/p>\n<p><span style=\"color: #000000;\">La carrera tendr\u00e1 a Lima como su punto de partida y llegada, con una ruta de diez etapas por el sur de la des\u00e9rtica costa peruana (del 6 al 17 de enero), y un total de 5,000 kil\u00f3metros, de los que casi 3,000 ser\u00e1n cronometrados.<\/span><\/p>\n<p><span style=\"color: #000000;\">El recorrido ser\u00e1 \u00edntegramente sobre arena y dunas, con cinco d\u00edas por el desierto de Ica, a unos 300 kil\u00f3metros al sur de Lima, y con nuevos puntos ic\u00f3nicos por los que el Dakar nunca hab\u00eda pasado antes como Duna Grande, la segunda duna m\u00e1s alta del mundo con casi 1,700 metros de altitud.<\/span><\/p>\n<p><span style=\"color: #000000;\">Solo habr\u00e1 un d\u00eda de descanso, previsto para el 12 de enero en la ciudad de Arequipa, jornada que dar\u00e1 la oportunidad a que los coches y camiones que hayan abandonado en la primera mitad de la carrera puedan reengancharse en esta segunda, para continuar compitiendo en una clasificaci\u00f3n separada de la general.<\/span><\/p>\n<p><span style=\"color: #000000;\">Para dise\u00f1ar este Dakar, la organizaci\u00f3n estableci\u00f3 junto a los ministerios del Ambiente y de Cultura hasta 23 zonas restringidas cuyo acceso estar\u00e1 prohibido tanto para competidores y organizadores como para el p\u00fablico, por ser puntos naturales o arqueol\u00f3gicos.<\/span><\/p>\n<p><span style=\"color: #000000;\">Para ello se han instalado 78 paneles informativos y 344 hitos que delimitan estos enclaves; mientras que para el p\u00fablico se han establecido treinta zonas de espectadores.<\/span><\/p>\n<p><span style=\"color: #000000;\">As\u00ed se busca evitar que alg\u00fan veh\u00edculo da\u00f1e el patrimonio cultural peruano como en el 2013, cuando aparentemente un veh\u00edculo que segu\u00eda la carrera pas\u00f3 por encima de las l\u00edneas de Nasca, dibujos hechos en el terreno des\u00e9rtico de Per\u00fa hace unos dos mil a\u00f1os por la civilizaci\u00f3n prehisp\u00e1nica que habit\u00f3 esa zona.<\/span><\/p>\n<p><span style=\"color: #000000;\">Como en las anteriores ediciones, este Dakar compensar\u00e1 su huella de carbono, estimada en 15.500 toneladas de di\u00f3xido de carbono, con proyectos de conservaci\u00f3n en la Amazon\u00eda.<\/span><\/p>\n<p><img fetchpriority=\"high\" decoding=\"async\" class=\"aligncenter size-full wp-image-11638\" src=\"http:\/\/elinformanteperu.com\/wp-content\/uploads\/2017\/06\/dakar-peru1.jpg\" alt=\"\" width=\"480\" height=\"320\" srcset=\"https:\/\/elinformanteperu.com\/wp-content\/uploads\/2017\/06\/dakar-peru1.jpg 480w, https:\/\/elinformanteperu.com\/wp-content\/uploads\/2017\/06\/dakar-peru1-300x200.jpg 300w, https:\/\/elinformanteperu.com\/wp-content\/uploads\/2017\/06\/dakar-peru1-128x85.jpg 128w, https:\/\/elinformanteperu.com\/wp-content\/uploads\/2017\/06\/dakar-peru1-32x21.jpg 32w\" sizes=\"(max-width: 480px) 100vw, 480px\" \/><\/p>\n","protected":false},"excerpt":{"rendered":"<p>El Dakar 2019, que se disputar\u00e1 \u00edntegramente en Per\u00fa, ser\u00e1 la edici\u00f3n m\u00e1s at\u00edpica de todas, al celebrarse por primera vez en un \u00fanico pa\u00eds. Lima, 04 de Diciembre 2018, (ANDINA).- El Dakar 2019, que se disputar\u00e1 \u00edntegramente en Per\u00fa, ser\u00e1 la edici\u00f3n m\u00e1s at\u00edpica de todas, al celebrarse por primera vez en un \u00fanico [&hellip;]<\/p>\n","protected":false},"author":1,"featured_media":39078,"comment_status":"open","ping_status":"open","sticky":false,"template":"","format":"standard","meta":{"rop_custom_images_group":[],"rop_custom_messages_group":[],"rop_publish_now":"initial","rop_publish_now_accounts":[],"rop_publish_now_history":[],"rop_publish_now_status":"pending","footnotes":""},"categories":[8],"tags":[3146,1735],"class_list":["post-39076","post","type-post","status-publish","format-standard","has-post-thumbnail","hentry","category-disciplinas-deportivas","tag-dakar-2019","tag-dakar-peru-2018"],"_links":{"self":[{"href":"https:\/\/elinformanteperu.com\/index.php\/wp-json\/wp\/v2\/posts\/39076","targetHints":{"allow":["GET"]}}],"collection":[{"href":"https:\/\/elinformanteperu.com\/index.php\/wp-json\/wp\/v2\/posts"}],"about":[{"href":"https:\/\/elinformanteperu.com\/index.php\/wp-json\/wp\/v2\/types\/post"}],"author":[{"embeddable":true,"href":"https:\/\/elinformanteperu.com\/index.php\/wp-json\/wp\/v2\/users\/1"}],"replies":[{"embeddable":true,"href":"https:\/\/elinformanteperu.com\/index.php\/wp-json\/wp\/v2\/comments?post=39076"}],"version-history":[{"count":1,"href":"https:\/\/elinformanteperu.com\/index.php\/wp-json\/wp\/v2\/posts\/39076\/revisions"}],"predecessor-version":[{"id":39079,"href":"https:\/\/elinformanteperu.com\/index.php\/wp-json\/wp\/v2\/posts\/39076\/revisions\/39079"}],"wp:featuredmedia":[{"embeddable":true,"href":"https:\/\/elinformanteperu.com\/index.php\/wp-json\/wp\/v2\/media\/39078"}],"wp:attachment":[{"href":"https:\/\/elinformanteperu.com\/index.php\/wp-json\/wp\/v2\/media?parent=39076"}],"wp:term":[{"taxonomy":"category","embeddable":true,"href":"https:\/\/elinformanteperu.com\/index.php\/wp-json\/wp\/v2\/categories?post=39076"},{"taxonomy":"post_tag","embeddable":true,"href":"https:\/\/elinformanteperu.com\/index.php\/wp-json\/wp\/v2\/tags?post=39076"}],"curies":[{"name":"wp","href":"https:\/\/api.w.org\/{rel}","templated":true}]}}