{"id":39071,"date":"2018-12-05T21:58:55","date_gmt":"2018-12-06T02:58:55","guid":{"rendered":"http:\/\/elinformanteperu.com\/?p=39071"},"modified":"2018-12-05T21:58:55","modified_gmt":"2018-12-06T02:58:55","slug":"dunia-felices-la-valiente-deportista-que-comparte-su-historia-de-vida","status":"publish","type":"post","link":"https:\/\/elinformanteperu.com\/index.php\/2018\/12\/05\/dunia-felices-la-valiente-deportista-que-comparte-su-historia-de-vida\/","title":{"rendered":"Dunia Felices, la valiente deportista que comparte su historia de vida"},"content":{"rendered":"<p><strong><span style=\"color: #000000;\">Con parte de las celebraciones del D\u00eda Internacional de la Discapacidad, la deportista Dunia Felices, visit\u00f3 el colegio Villa Jard\u00edn de San Luis.<\/span><\/strong><\/p>\n<p><span style=\"color: #000000;\"><strong>Lima, 05 de Diciembre 2018, (ANDINA).-<\/strong> Con parte de las celebraciones del D\u00eda Internacional de la Discapacidad, la deportista Dunia Felices, quien es embajadora de los Juegos Lima 2019, visit\u00f3 el colegio Villa Jard\u00edn de San Luis para compartir con los ni\u00f1os su valiente historia de vida.<\/span><\/p>\n<p><span style=\"color: #000000;\">Dunia Felices, una brillante para nadadora nacional, se acerc\u00f3 a los m\u00e1s peque\u00f1os para darles a conocer sobre su experiencia de vida, que es un ejemplo de lucha para todas las personas.<\/span><\/p>\n<p><span style=\"color: #000000;\">\u201cYo nunca dej\u00e9 de pelear por mis sue\u00f1os. La discapacidad no significa que no podamos luchar por nuestros objetivos. Yo empec\u00e9 a hacer deporte hace un a\u00f1o y desde ese momento me puse como objetivo ganar todos. Tengo muchas medallas y hace poco gan\u00e9 tres de oro en Colombia\u201d, dijo Dunia Felices, quien gener\u00f3 aplausos y admiraci\u00f3n de los m\u00e1s de 400 alumnos estudiantes de Villa Jard\u00edn.<\/span><\/p>\n<p><span style=\"color: #000000;\">Los estudiantes del nivel primario del colegio Villa Jard\u00edn de San Luis tuvieron la oportunidad de hacerle preguntas a la Embajadora de Lima 2019, sobre su vida y su pasi\u00f3n por el deporte.<\/span><\/p>\n<p><span style=\"color: #000000;\">\u201cTengan claro que cuando vean a una persona con discapacidad no se asombren. Es igual a ustedes. Nos puede costar m\u00e1s para movilizarnos. Pero tenemos los mismos derechos y deberes. Los Juegos Parapanamericanos servir\u00e1n para que ustedes se den cuenta de todo lo que podemos hacer en el deporte\u201d, expres\u00f3 la Embajadora.<\/span><\/p>\n<p><span style=\"color: #000000;\">A la reuni\u00f3n tambi\u00e9n lleg\u00f3 la mascota de Lima 2019, \u201cMilco\u201d, quien despert\u00f3 el inter\u00e9s y el entusiasmo de los ni\u00f1os.<\/span><\/p>\n<p><span style=\"color: #000000;\">Dunia Felices manifest\u00f3 sentirse emocionada por el cari\u00f1o que le brindaron los ni\u00f1os. \u201cEs conmovedor y me emociona estar cerca de los alumnos. Muchos de ellos sab\u00edan del D\u00eda Internacional de las Personas con Discapacidad y eso es importante para nosotros, porque muestra su respeto hacia todos\u201d, expres\u00f3.<\/span><\/p>\n<p><span style=\"color: #000000;\">El colegio tambi\u00e9n cuenta entre sus alumnos con ni\u00f1os con alg\u00fan tipo de discapacidad. La instituci\u00f3n est\u00e1 muy cerca de la Videna la mayor sede de competencias en Lima 2019, por lo que prometieron asistir al evento multideportivo m\u00e1s importante del continente, que se realizar\u00e1 en nuestro pa\u00eds desde el 26 de julio de 2019.<\/span><\/p>\n<p><span style=\"color: #000000;\">El 3 de diciembre se conmemora el D\u00eda Internacional de las Personas con Discapadidad, que fue declarado en 1992 por la Asamblea General de las Naciones Unidas mediante una resoluci\u00f3n.<\/span><\/p>\n<p><span style=\"color: #000000;\">El objetivo es promover los derechos y el bienestar de las personas con discapacidades en todos los \u00e1mbitos de la sociedad y el desarrollo, as\u00ed como concienciar sobre su situaci\u00f3n en todos los aspectos de la vida pol\u00edtica, social, econ\u00f3mica y cultural.<\/span><\/p>\n<p><img fetchpriority=\"high\" decoding=\"async\" class=\"aligncenter size-full wp-image-39074\" src=\"http:\/\/elinformanteperu.com\/wp-content\/uploads\/2018\/12\/Dunia-Felices-Lima-2019-1.jpg\" alt=\"\" width=\"1800\" height=\"1201\" srcset=\"https:\/\/elinformanteperu.com\/wp-content\/uploads\/2018\/12\/Dunia-Felices-Lima-2019-1.jpg 1800w, https:\/\/elinformanteperu.com\/wp-content\/uploads\/2018\/12\/Dunia-Felices-Lima-2019-1-300x200.jpg 300w, https:\/\/elinformanteperu.com\/wp-content\/uploads\/2018\/12\/Dunia-Felices-Lima-2019-1-768x512.jpg 768w, https:\/\/elinformanteperu.com\/wp-content\/uploads\/2018\/12\/Dunia-Felices-Lima-2019-1-1024x683.jpg 1024w, https:\/\/elinformanteperu.com\/wp-content\/uploads\/2018\/12\/Dunia-Felices-Lima-2019-1-128x85.jpg 128w, https:\/\/elinformanteperu.com\/wp-content\/uploads\/2018\/12\/Dunia-Felices-Lima-2019-1-32x21.jpg 32w\" sizes=\"(max-width: 1800px) 100vw, 1800px\" \/><\/p>\n","protected":false},"excerpt":{"rendered":"<p>Con parte de las celebraciones del D\u00eda Internacional de la Discapacidad, la deportista Dunia Felices, visit\u00f3 el colegio Villa Jard\u00edn de San Luis. Lima, 05 de Diciembre 2018, (ANDINA).- Con parte de las celebraciones del D\u00eda Internacional de la Discapacidad, la deportista Dunia Felices, quien es embajadora de los Juegos Lima 2019, visit\u00f3 el colegio [&hellip;]<\/p>\n","protected":false},"author":1,"featured_media":39073,"comment_status":"open","ping_status":"open","sticky":false,"template":"","format":"standard","meta":{"rop_custom_images_group":[],"rop_custom_messages_group":[],"rop_publish_now":"initial","rop_publish_now_accounts":[],"rop_publish_now_history":[],"rop_publish_now_status":"pending","footnotes":""},"categories":[8],"tags":[3906,404,191],"class_list":["post-39071","post","type-post","status-publish","format-standard","has-post-thumbnail","hentry","category-disciplinas-deportivas","tag-dunia-felices","tag-juegos-panamericanos-lima-2019","tag-lima-2019"],"_links":{"self":[{"href":"https:\/\/elinformanteperu.com\/index.php\/wp-json\/wp\/v2\/posts\/39071","targetHints":{"allow":["GET"]}}],"collection":[{"href":"https:\/\/elinformanteperu.com\/index.php\/wp-json\/wp\/v2\/posts"}],"about":[{"href":"https:\/\/elinformanteperu.com\/index.php\/wp-json\/wp\/v2\/types\/post"}],"author":[{"embeddable":true,"href":"https:\/\/elinformanteperu.com\/index.php\/wp-json\/wp\/v2\/users\/1"}],"replies":[{"embeddable":true,"href":"https:\/\/elinformanteperu.com\/index.php\/wp-json\/wp\/v2\/comments?post=39071"}],"version-history":[{"count":1,"href":"https:\/\/elinformanteperu.com\/index.php\/wp-json\/wp\/v2\/posts\/39071\/revisions"}],"predecessor-version":[{"id":39075,"href":"https:\/\/elinformanteperu.com\/index.php\/wp-json\/wp\/v2\/posts\/39071\/revisions\/39075"}],"wp:featuredmedia":[{"embeddable":true,"href":"https:\/\/elinformanteperu.com\/index.php\/wp-json\/wp\/v2\/media\/39073"}],"wp:attachment":[{"href":"https:\/\/elinformanteperu.com\/index.php\/wp-json\/wp\/v2\/media?parent=39071"}],"wp:term":[{"taxonomy":"category","embeddable":true,"href":"https:\/\/elinformanteperu.com\/index.php\/wp-json\/wp\/v2\/categories?post=39071"},{"taxonomy":"post_tag","embeddable":true,"href":"https:\/\/elinformanteperu.com\/index.php\/wp-json\/wp\/v2\/tags?post=39071"}],"curies":[{"name":"wp","href":"https:\/\/api.w.org\/{rel}","templated":true}]}}