{"id":39064,"date":"2018-12-05T21:23:45","date_gmt":"2018-12-06T02:23:45","guid":{"rendered":"http:\/\/elinformanteperu.com\/?p=39064"},"modified":"2018-12-05T21:23:45","modified_gmt":"2018-12-06T02:23:45","slug":"alianza-lima-pablo-bengoechea-a-un-paso-de-renovar-su-contrato","status":"publish","type":"post","link":"https:\/\/elinformanteperu.com\/index.php\/2018\/12\/05\/alianza-lima-pablo-bengoechea-a-un-paso-de-renovar-su-contrato\/","title":{"rendered":"Alianza Lima: Pablo Bengoechea a un paso de renovar su contrato"},"content":{"rendered":"<p><span style=\"color: #000000;\"><strong>Todo hace indicar que el t\u00e9cnico Pablo Bengoechea continuar\u00e1 en Alianza Lima luego que el gerente del club \u00abblanquiazul\u00bb, Gustavo Zevallos, adelant\u00f3 esa posibilidad.<\/strong><\/span><\/p>\n<p><span style=\"color: #000000;\"><strong>Lima, 05 de Diciembre 2018, (ANDINA).-<\/strong> Todo hace indicar que el t\u00e9cnico Pablo Bengoechea continuar\u00e1 en Alianza Lima luego que el gerente del club \u00abblanquiazul\u00bb, Gustavo Zevallos, adelant\u00f3 la existencia de un gran porcentaje de posibilidades de que el entrenador uruguayo se mantenga en su cargo.<\/span><\/p>\n<p><span style=\"color: #000000;\">Gustavo Zevallos mostr\u00f3 su conformidad con el trabajo de Pablo Bengoechea y espera realizar todas las gestiones para convencerlo de aceptar la renovaci\u00f3n.<\/span><\/p>\n<p><span style=\"color: #000000;\">\u00abPablo (Bengoechea) est\u00e1 muy contento en Alianza y nosotros tambi\u00e9n con \u00e9l. Por ello existe un gran porcentaje para que contin\u00fae en el club y estamos confiados que as\u00ed ser\u00e1. La idea es que Pablo se quede\u00bb, sostuvo Zevallos.<\/span><\/p>\n<p><span style=\"color: #000000;\">Asimismo, el gerente \u00ab\u00edntimo\u00bb dio algunos alcances sobre el viaje del plantel aliancista a Arequipa, donde jugar\u00e1 ma\u00f1ana ante Melgar el partido de vuelta por la semifinal del Torneo Descentralizado.<\/span><\/p>\n<p><span style=\"color: #000000;\">Un total de 45 personas, entre jugadores, comando t\u00e9cnico, cuerpo m\u00e9dico, utiler\u00eda y directivos, abordar\u00e1 a las 10:30 horas, el vuelo charter rumbo a la Ciudad Blanca<\/span><\/p>\n<p><span style=\"color: #000000;\">\u00abTodo ya est\u00e1 preparado para nuestro viaje de ma\u00f1ana (jueves) a la ciudad de Arequipa y realmente tenemos plena confianza en lo que har\u00e1 el equipo ante Melgar. Creemos mucho en nuestros jugadores y el domingo ya lo demostraron de lo que pueden ser capaces. Pienso que estamos en capacidad de estar a la altura de las expectativas y superarla\u00bb, dijo Zevallos a Ovaci\u00f3n.<\/span><\/p>\n<p><span style=\"color: #000000;\">En otro momento, evit\u00f3 a referirse el \u00e1rbitro Joel Aarc\u00f3n, quien tendr\u00e1 encargo de dirigir el partido entre Melgar y Alianza Lima. Asegur\u00f3 que conf\u00edan en la capacidad del refer\u00ed FIFA.<\/span><\/p>\n<p><span style=\"color: #000000;\">Alianza Lima enfrentar\u00e1 ma\u00f1ana (20:00 horas) al FBC Melgar , en el estadio de la Universidad Nacional San Agust\u00edn (UNSA), por la segunda semifinal del Torneo Descentralizado. En el cotejo de ida igualaron (3-3) en Matute.<\/span><\/p>\n<p><span style=\"color: #000000;\">En caso de que empaten con cualquier marcador el partido se definir\u00e1 por la v\u00eda de los penales.<\/span><\/p>\n<p><span style=\"color: #000000;\">El ganador de esta llave enfrentar\u00e1 Cristal en la final por el t\u00edtulo nacional 2018.<\/span><\/p>\n<p><img fetchpriority=\"high\" decoding=\"async\" class=\"aligncenter size-full wp-image-13344\" src=\"http:\/\/elinformanteperu.com\/wp-content\/uploads\/2017\/07\/pablo-bengoechea2.jpg\" alt=\"\" width=\"1800\" height=\"1212\" srcset=\"https:\/\/elinformanteperu.com\/wp-content\/uploads\/2017\/07\/pablo-bengoechea2.jpg 1800w, https:\/\/elinformanteperu.com\/wp-content\/uploads\/2017\/07\/pablo-bengoechea2-300x202.jpg 300w, https:\/\/elinformanteperu.com\/wp-content\/uploads\/2017\/07\/pablo-bengoechea2-768x517.jpg 768w, https:\/\/elinformanteperu.com\/wp-content\/uploads\/2017\/07\/pablo-bengoechea2-1024x689.jpg 1024w, https:\/\/elinformanteperu.com\/wp-content\/uploads\/2017\/07\/pablo-bengoechea2-128x86.jpg 128w, https:\/\/elinformanteperu.com\/wp-content\/uploads\/2017\/07\/pablo-bengoechea2-32x22.jpg 32w\" sizes=\"(max-width: 1800px) 100vw, 1800px\" \/><\/p>\n","protected":false},"excerpt":{"rendered":"<p>Todo hace indicar que el t\u00e9cnico Pablo Bengoechea continuar\u00e1 en Alianza Lima luego que el gerente del club \u00abblanquiazul\u00bb, Gustavo Zevallos, adelant\u00f3 esa posibilidad. Lima, 05 de Diciembre 2018, (ANDINA).- Todo hace indicar que el t\u00e9cnico Pablo Bengoechea continuar\u00e1 en Alianza Lima luego que el gerente del club \u00abblanquiazul\u00bb, Gustavo Zevallos, adelant\u00f3 la existencia de [&hellip;]<\/p>\n","protected":false},"author":1,"featured_media":14347,"comment_status":"open","ping_status":"open","sticky":false,"template":"","format":"standard","meta":{"rop_custom_images_group":[],"rop_custom_messages_group":[],"rop_publish_now":"initial","rop_publish_now_accounts":[],"rop_publish_now_history":[],"rop_publish_now_status":"pending","footnotes":""},"categories":[8],"tags":[91,333,712],"class_list":["post-39064","post","type-post","status-publish","format-standard","has-post-thumbnail","hentry","category-disciplinas-deportivas","tag-alianza-lima","tag-gustavo-zevallos","tag-pablo-bengoechea"],"_links":{"self":[{"href":"https:\/\/elinformanteperu.com\/index.php\/wp-json\/wp\/v2\/posts\/39064","targetHints":{"allow":["GET"]}}],"collection":[{"href":"https:\/\/elinformanteperu.com\/index.php\/wp-json\/wp\/v2\/posts"}],"about":[{"href":"https:\/\/elinformanteperu.com\/index.php\/wp-json\/wp\/v2\/types\/post"}],"author":[{"embeddable":true,"href":"https:\/\/elinformanteperu.com\/index.php\/wp-json\/wp\/v2\/users\/1"}],"replies":[{"embeddable":true,"href":"https:\/\/elinformanteperu.com\/index.php\/wp-json\/wp\/v2\/comments?post=39064"}],"version-history":[{"count":1,"href":"https:\/\/elinformanteperu.com\/index.php\/wp-json\/wp\/v2\/posts\/39064\/revisions"}],"predecessor-version":[{"id":39066,"href":"https:\/\/elinformanteperu.com\/index.php\/wp-json\/wp\/v2\/posts\/39064\/revisions\/39066"}],"wp:featuredmedia":[{"embeddable":true,"href":"https:\/\/elinformanteperu.com\/index.php\/wp-json\/wp\/v2\/media\/14347"}],"wp:attachment":[{"href":"https:\/\/elinformanteperu.com\/index.php\/wp-json\/wp\/v2\/media?parent=39064"}],"wp:term":[{"taxonomy":"category","embeddable":true,"href":"https:\/\/elinformanteperu.com\/index.php\/wp-json\/wp\/v2\/categories?post=39064"},{"taxonomy":"post_tag","embeddable":true,"href":"https:\/\/elinformanteperu.com\/index.php\/wp-json\/wp\/v2\/tags?post=39064"}],"curies":[{"name":"wp","href":"https:\/\/api.w.org\/{rel}","templated":true}]}}