{"id":39060,"date":"2018-12-05T21:20:52","date_gmt":"2018-12-06T02:20:52","guid":{"rendered":"http:\/\/elinformanteperu.com\/?p=39060"},"modified":"2018-12-05T21:20:52","modified_gmt":"2018-12-06T02:20:52","slug":"luis-advincula-fue-elogiado-por-su-tecnico-en-el-rayo-vallecano","status":"publish","type":"post","link":"https:\/\/elinformanteperu.com\/index.php\/2018\/12\/05\/luis-advincula-fue-elogiado-por-su-tecnico-en-el-rayo-vallecano\/","title":{"rendered":"Luis Adv\u00edncula fue elogiado por su t\u00e9cnico en el Rayo Vallecano"},"content":{"rendered":"<p><strong><span style=\"color: #000000;\">A pesar que el Rayo Vallecano se encuentra en los \u00faltimo lugares en la Liga de Espa\u00f1a, su t\u00e9cnico Miguel \u00c1ngel S\u00e1nchez Mu\u00f1oz, elogi\u00f3 el trabajo del peruano Luis Adv\u00edncula.<\/span><\/strong><\/p>\n<p><span style=\"color: #000000;\"><strong>Madrid, 05 de Diciembre 2018, (ANDINA).-<\/strong> A pesar que el Rayo Vallecano se encuentra en los \u00faltimo lugares en la Liga de Espa\u00f1a, su t\u00e9cnico Miguel \u00c1ngel S\u00e1nchez Mu\u00f1oz, elogi\u00f3 el trabajo del peruano Luis Adv\u00edncula, quien se desempe\u00f1\u00f3 como extremo por derecha, un nuevo puesto que desempe\u00f1\u00f3 el lateral en el \u00faltimo partido que quedaron eliminados de la Copa del Rey.<\/span><\/p>\n<p><span style=\"color: #000000;\">\u00abEra una posici\u00f3n distinta, ha metido buenos centros, no est\u00e1 perdido. Estoy contento con el rendimiento, es un jugador con recorrido, se va encontrando bien. Estoy contento con su rendimiento\u00bb, declar\u00f3 el estratega espa\u00f1ol sobre Luis Adv\u00edncula.<\/span><\/p>\n<p><span style=\"color: #000000;\">El Rayo viene de caer 1-0 ante el Legan\u00e9s, resultado que le vali\u00f3 para ser eliminado de la Copa del Rey<\/span><\/p>\n<p><span style=\"color: #000000;\">Cabe indicar que Adv\u00edncula es titular indiscutible en el Rayo Vallecano, club que se encuentra en zona de descenso y en el 2018 les resta jugar contra Real Betis, Real Madrid y de local ante Levante.<\/span><\/p>\n<p><span style=\"color: #000000;\">El jugador peruano lleva disputados esta temporada trece partidos oficiales con el Rayo Vallecano y suma 1.182 minutos de competici\u00f3n.<\/span><\/p>\n<p><img fetchpriority=\"high\" decoding=\"async\" class=\"aligncenter size-full wp-image-39062\" src=\"http:\/\/elinformanteperu.com\/wp-content\/uploads\/2018\/12\/luis-advincula-rayo-vallecano.jpg\" alt=\"\" width=\"1800\" height=\"1200\" srcset=\"https:\/\/elinformanteperu.com\/wp-content\/uploads\/2018\/12\/luis-advincula-rayo-vallecano.jpg 1800w, https:\/\/elinformanteperu.com\/wp-content\/uploads\/2018\/12\/luis-advincula-rayo-vallecano-300x200.jpg 300w, https:\/\/elinformanteperu.com\/wp-content\/uploads\/2018\/12\/luis-advincula-rayo-vallecano-768x512.jpg 768w, https:\/\/elinformanteperu.com\/wp-content\/uploads\/2018\/12\/luis-advincula-rayo-vallecano-1024x683.jpg 1024w, https:\/\/elinformanteperu.com\/wp-content\/uploads\/2018\/12\/luis-advincula-rayo-vallecano-128x85.jpg 128w, https:\/\/elinformanteperu.com\/wp-content\/uploads\/2018\/12\/luis-advincula-rayo-vallecano-32x21.jpg 32w\" sizes=\"(max-width: 1800px) 100vw, 1800px\" \/><\/p>\n","protected":false},"excerpt":{"rendered":"<p>A pesar que el Rayo Vallecano se encuentra en los \u00faltimo lugares en la Liga de Espa\u00f1a, su t\u00e9cnico Miguel \u00c1ngel S\u00e1nchez Mu\u00f1oz, elogi\u00f3 el trabajo del peruano Luis Adv\u00edncula. Madrid, 05 de Diciembre 2018, (ANDINA).- A pesar que el Rayo Vallecano se encuentra en los \u00faltimo lugares en la Liga de Espa\u00f1a, su t\u00e9cnico [&hellip;]<\/p>\n","protected":false},"author":1,"featured_media":33610,"comment_status":"open","ping_status":"open","sticky":false,"template":"","format":"standard","meta":{"rop_custom_images_group":[],"rop_custom_messages_group":[],"rop_publish_now":"initial","rop_publish_now_accounts":[],"rop_publish_now_history":[],"rop_publish_now_status":"pending","footnotes":""},"categories":[8],"tags":[950,3418],"class_list":["post-39060","post","type-post","status-publish","format-standard","has-post-thumbnail","hentry","category-disciplinas-deportivas","tag-luis-advincula","tag-rayo-vallecano"],"_links":{"self":[{"href":"https:\/\/elinformanteperu.com\/index.php\/wp-json\/wp\/v2\/posts\/39060","targetHints":{"allow":["GET"]}}],"collection":[{"href":"https:\/\/elinformanteperu.com\/index.php\/wp-json\/wp\/v2\/posts"}],"about":[{"href":"https:\/\/elinformanteperu.com\/index.php\/wp-json\/wp\/v2\/types\/post"}],"author":[{"embeddable":true,"href":"https:\/\/elinformanteperu.com\/index.php\/wp-json\/wp\/v2\/users\/1"}],"replies":[{"embeddable":true,"href":"https:\/\/elinformanteperu.com\/index.php\/wp-json\/wp\/v2\/comments?post=39060"}],"version-history":[{"count":1,"href":"https:\/\/elinformanteperu.com\/index.php\/wp-json\/wp\/v2\/posts\/39060\/revisions"}],"predecessor-version":[{"id":39063,"href":"https:\/\/elinformanteperu.com\/index.php\/wp-json\/wp\/v2\/posts\/39060\/revisions\/39063"}],"wp:featuredmedia":[{"embeddable":true,"href":"https:\/\/elinformanteperu.com\/index.php\/wp-json\/wp\/v2\/media\/33610"}],"wp:attachment":[{"href":"https:\/\/elinformanteperu.com\/index.php\/wp-json\/wp\/v2\/media?parent=39060"}],"wp:term":[{"taxonomy":"category","embeddable":true,"href":"https:\/\/elinformanteperu.com\/index.php\/wp-json\/wp\/v2\/categories?post=39060"},{"taxonomy":"post_tag","embeddable":true,"href":"https:\/\/elinformanteperu.com\/index.php\/wp-json\/wp\/v2\/tags?post=39060"}],"curies":[{"name":"wp","href":"https:\/\/api.w.org\/{rel}","templated":true}]}}