{"id":39057,"date":"2018-12-05T21:17:21","date_gmt":"2018-12-06T02:17:21","guid":{"rendered":"http:\/\/elinformanteperu.com\/?p=39057"},"modified":"2018-12-05T21:17:21","modified_gmt":"2018-12-06T02:17:21","slug":"pele-y-los-sabios-consejos-que-le-brindo-a-neymar-luego-del-mundial","status":"publish","type":"post","link":"https:\/\/elinformanteperu.com\/index.php\/2018\/12\/05\/pele-y-los-sabios-consejos-que-le-brindo-a-neymar-luego-del-mundial\/","title":{"rendered":"Pel\u00e9 y los sabios consejos que le brind\u00f3 a Neymar luego del Mundial"},"content":{"rendered":"<p><strong><span style=\"color: #000000;\">La leyenda del f\u00fatbol Pel\u00e9 aconsej\u00f3 a Neymar que cambiara de actitud tras su pol\u00e9mico Mundial de Rusia, donde su rendimiento estuvo por debajo de lo esperado.<\/span><\/strong><\/p>\n<p><span style=\"color: #000000;\"><strong>Sao Paulo, 05 de Diciembre 2018, (ANDINA).-<\/strong> La leyenda del f\u00fatbol brasile\u00f1o Pel\u00e9 aconsej\u00f3 a Neymar que cambiara de actitud tras su pol\u00e9mico Mundial de Rusia, donde su rendimiento estuvo por debajo de lo esperado y fue acusado de exagerar las faltas que recib\u00eda, cont\u00f3 este mi\u00e9rcoles &#8216;O Rei&#8217; en Folha de Sao Paulo.<\/span><\/p>\n<p><span style=\"color: #000000;\">\u00abSe hizo dif\u00edcil defender a Neymar por todas esas cosas que \u00e9l hace, adem\u00e1s de jugar al f\u00fatbol. Convers\u00e9 con \u00e9l, le dije que \u00e9l tiene mucho f\u00fatbol\u00bb, revel\u00f3 el ex\u00eddolo del Santos y vencedor de tres Mundiales con la &#8216;Canarinha&#8217; (1958, 1962 y 1970).<\/span><\/p>\n<p><span style=\"color: #000000;\">\u00abTuvo mala suerte porque la selecci\u00f3n no gan\u00f3 la Copa y \u00e9l qued\u00f3 marcado. Estuve dos veces con \u00e9l en Europa, conversamos y le expliqu\u00e9 eso: &#8216;Dios te dio el don del f\u00fatbol. Lo que pasa es que t\u00fa te complicaste'\u00bb, a\u00f1adi\u00f3.<\/span><\/p>\n<p><span style=\"color: #000000;\">Pero, a pesar del convulso a\u00f1o de &#8216;Ney&#8217;, Pel\u00e9 le considera mejor que su compa\u00f1ero en el PSG Kylian Mbapp\u00e9, cuyo brillante Mundial le hizo ser comparado con el propio &#8216;O Rei&#8217;.<\/span><\/p>\n<p><span style=\"color: #000000;\">\u00abCreo que Neymar es m\u00e1s jugador que \u00e9l, pero en Europa todo el mundo habla m\u00e1s de Mbapp\u00e9\u00bb, valor\u00f3.<\/span><\/p>\n<p><span style=\"color: #000000;\">Con 78 a\u00f1os y una salud delicada que le impidi\u00f3 acudir al Mundial de Rusia, Pel\u00e9 redujo su ajetreada agenda de viajes debido, entre otros, a los problemas de cadera que le hicieron recurrir a una silla de ruedas en algunos actos.<\/span><\/p>\n<p><span style=\"color: #000000;\">\u00abGracias a Dios, estoy bien. Pas\u00e9 por tres cirug\u00edas en los \u00faltimos a\u00f1os, pero no estoy al 100%. Ya no siento dolor, pero siento m\u00e1s debilidad\u00bb, cont\u00f3.<\/span><\/p>\n<p><span style=\"color: #000000;\">Pese a todo, el exastro se mostr\u00f3 en plena forma durante la entrevista y afirm\u00f3 que no existe comparaci\u00f3n entre \u00e9l y Lionel Messi, a quien muchos ven ya como el mejor jugador de la historia.<\/span><\/p>\n<p><span style=\"color: #000000;\">\u00abEs cuesti\u00f3n de gusto. Hay personas que hacen comparaciones con cosas que ni tienen. \u00bfC\u00f3mo se puede comparar a un tipo que cabecea bien, chuta con la izquierda, chuta con la derecha, con otro que solo chuta con una pierna, solo tiene una habilidad, no cabecea bien?\u00bb, respondi\u00f3 al ser preguntado por Messi, a quien tambi\u00e9n consider\u00f3 peor que Maradona.<\/span><\/p>\n<p><span style=\"color: #000000;\">\u00abPara compararse con Pel\u00e9 debe ser alguien que chute bien con la izquierda, chute bien con la derecha, marque gol de cabeza\u00bb, a\u00f1adi\u00f3.<\/span><\/p>\n<p><span style=\"color: #000000;\">Ministro de Deportes entre 1995 y 1998 bajo la presidencia del socialdem\u00f3crata Fernando Henrique Cardoso, Pel\u00e9 tambi\u00e9n lament\u00f3 el momento de polarizaci\u00f3n pol\u00edtica que vive Brasil y dese\u00f3 buena suerte al ultraderechista Jair Bolsonaro, cuyo gobierno arrancar\u00e1 el pr\u00f3ximo 1 de enero.<\/span><\/p>\n<p><span style=\"color: #000000;\">\u00abNo vot\u00e9 porque estaba fuera del pa\u00eds. Creo que fue bien escogido. Tenemos que darle apoyo para que todo le salga bien al gobierno que se est\u00e1 armando (&#8230;) Hay que creer\u00bb, valor\u00f3.<\/span><\/p>\n<p><img fetchpriority=\"high\" decoding=\"async\" class=\"aligncenter size-full wp-image-30200\" src=\"http:\/\/elinformanteperu.com\/wp-content\/uploads\/2018\/07\/brasil-neymar.jpg\" alt=\"\" width=\"1800\" height=\"1200\" srcset=\"https:\/\/elinformanteperu.com\/wp-content\/uploads\/2018\/07\/brasil-neymar.jpg 1800w, https:\/\/elinformanteperu.com\/wp-content\/uploads\/2018\/07\/brasil-neymar-300x200.jpg 300w, https:\/\/elinformanteperu.com\/wp-content\/uploads\/2018\/07\/brasil-neymar-768x512.jpg 768w, https:\/\/elinformanteperu.com\/wp-content\/uploads\/2018\/07\/brasil-neymar-1024x683.jpg 1024w, https:\/\/elinformanteperu.com\/wp-content\/uploads\/2018\/07\/brasil-neymar-128x85.jpg 128w, https:\/\/elinformanteperu.com\/wp-content\/uploads\/2018\/07\/brasil-neymar-32x21.jpg 32w\" sizes=\"(max-width: 1800px) 100vw, 1800px\" \/><\/p>\n","protected":false},"excerpt":{"rendered":"<p>La leyenda del f\u00fatbol Pel\u00e9 aconsej\u00f3 a Neymar que cambiara de actitud tras su pol\u00e9mico Mundial de Rusia, donde su rendimiento estuvo por debajo de lo esperado. Sao Paulo, 05 de Diciembre 2018, (ANDINA).- La leyenda del f\u00fatbol brasile\u00f1o Pel\u00e9 aconsej\u00f3 a Neymar que cambiara de actitud tras su pol\u00e9mico Mundial de Rusia, donde su [&hellip;]<\/p>\n","protected":false},"author":1,"featured_media":1978,"comment_status":"open","ping_status":"open","sticky":false,"template":"","format":"standard","meta":{"rop_custom_images_group":[],"rop_custom_messages_group":[],"rop_publish_now":"initial","rop_publish_now_accounts":[],"rop_publish_now_history":[],"rop_publish_now_status":"pending","footnotes":""},"categories":[8],"tags":[88,386],"class_list":["post-39057","post","type-post","status-publish","format-standard","has-post-thumbnail","hentry","category-disciplinas-deportivas","tag-neymar","tag-pele"],"_links":{"self":[{"href":"https:\/\/elinformanteperu.com\/index.php\/wp-json\/wp\/v2\/posts\/39057","targetHints":{"allow":["GET"]}}],"collection":[{"href":"https:\/\/elinformanteperu.com\/index.php\/wp-json\/wp\/v2\/posts"}],"about":[{"href":"https:\/\/elinformanteperu.com\/index.php\/wp-json\/wp\/v2\/types\/post"}],"author":[{"embeddable":true,"href":"https:\/\/elinformanteperu.com\/index.php\/wp-json\/wp\/v2\/users\/1"}],"replies":[{"embeddable":true,"href":"https:\/\/elinformanteperu.com\/index.php\/wp-json\/wp\/v2\/comments?post=39057"}],"version-history":[{"count":1,"href":"https:\/\/elinformanteperu.com\/index.php\/wp-json\/wp\/v2\/posts\/39057\/revisions"}],"predecessor-version":[{"id":39059,"href":"https:\/\/elinformanteperu.com\/index.php\/wp-json\/wp\/v2\/posts\/39057\/revisions\/39059"}],"wp:featuredmedia":[{"embeddable":true,"href":"https:\/\/elinformanteperu.com\/index.php\/wp-json\/wp\/v2\/media\/1978"}],"wp:attachment":[{"href":"https:\/\/elinformanteperu.com\/index.php\/wp-json\/wp\/v2\/media?parent=39057"}],"wp:term":[{"taxonomy":"category","embeddable":true,"href":"https:\/\/elinformanteperu.com\/index.php\/wp-json\/wp\/v2\/categories?post=39057"},{"taxonomy":"post_tag","embeddable":true,"href":"https:\/\/elinformanteperu.com\/index.php\/wp-json\/wp\/v2\/tags?post=39057"}],"curies":[{"name":"wp","href":"https:\/\/api.w.org\/{rel}","templated":true}]}}