{"id":3904,"date":"2017-01-08T13:05:36","date_gmt":"2017-01-08T18:05:36","guid":{"rendered":"http:\/\/elinformanteperu.com\/?p=3904"},"modified":"2017-01-08T13:05:36","modified_gmt":"2017-01-08T18:05:36","slug":"paolo-de-la-haza-regresa-a-alianza-lima-tras-7-anos","status":"publish","type":"post","link":"https:\/\/elinformanteperu.com\/index.php\/2017\/01\/08\/paolo-de-la-haza-regresa-a-alianza-lima-tras-7-anos\/","title":{"rendered":"Paolo de la Haza regresa a Alianza Lima tras 7 a\u00f1os"},"content":{"rendered":"<p><strong>El polifuncional jugador peruano Paolo de la Haza fue anunciado como nuevo jugador de Alianza Lima, con lo que regresar\u00e1 al club \u00edntimo tras 7 a\u00f1os.<\/strong><\/p>\n<p><strong>Lima, 07 Enero 2017, (ANDINA).-<\/strong> El polifuncional jugador peruano Paolo de la Haza fue anunciado como nuevo jugador de Alianza Lima, con lo que regresar\u00e1 al club \u00edntimo tras 7 a\u00f1os.<\/p>\n<p>El futbolista de 33 a\u00f1os llega libre desde el Juan Aurich, donde tuvo una participaci\u00f3n irregular.<\/p>\n<p>De la Haza debut\u00f3 profesionalmente con la camiseta de Sport Boys del Callao en el a\u00f1o 2002; posteriormente, fich\u00f3 por Cienciano del Cusco y emigr\u00f3 al extranjero jugando para el Chernomorets Odessa de Ucrania en el 2007.<\/p>\n<p>En 2009 firma por Alianza y, el mismo a\u00f1o, se incorpora al Beitar Jerusalem de Israel hasta el 2010 que pega la vuelta al equipo blanquiazul.<\/p>\n<p><img fetchpriority=\"high\" decoding=\"async\" class=\"size-full wp-image-3906 aligncenter\" src=\"http:\/\/elinformanteperu.com\/wp-content\/uploads\/2017\/01\/paolo-de-la-haza1.jpg\" alt=\"\" width=\"950\" height=\"475\" srcset=\"https:\/\/elinformanteperu.com\/wp-content\/uploads\/2017\/01\/paolo-de-la-haza1.jpg 950w, https:\/\/elinformanteperu.com\/wp-content\/uploads\/2017\/01\/paolo-de-la-haza1-300x150.jpg 300w, https:\/\/elinformanteperu.com\/wp-content\/uploads\/2017\/01\/paolo-de-la-haza1-768x384.jpg 768w, https:\/\/elinformanteperu.com\/wp-content\/uploads\/2017\/01\/paolo-de-la-haza1-128x64.jpg 128w, https:\/\/elinformanteperu.com\/wp-content\/uploads\/2017\/01\/paolo-de-la-haza1-32x16.jpg 32w\" sizes=\"(max-width: 950px) 100vw, 950px\" \/><\/p>\n","protected":false},"excerpt":{"rendered":"<p>El polifuncional jugador peruano Paolo de la Haza fue anunciado como nuevo jugador de Alianza Lima, con lo que regresar\u00e1 al club \u00edntimo tras 7 a\u00f1os. Lima, 07 Enero 2017, (ANDINA).- El polifuncional jugador peruano Paolo de la Haza fue anunciado como nuevo jugador de Alianza Lima, con lo que regresar\u00e1 al club \u00edntimo tras [&hellip;]<\/p>\n","protected":false},"author":1,"featured_media":3905,"comment_status":"open","ping_status":"open","sticky":false,"template":"","format":"standard","meta":{"rop_custom_images_group":[],"rop_custom_messages_group":[],"rop_publish_now":"initial","rop_publish_now_accounts":[],"rop_publish_now_history":[],"rop_publish_now_status":"pending","footnotes":""},"categories":[8],"tags":[91,765],"class_list":["post-3904","post","type-post","status-publish","format-standard","has-post-thumbnail","hentry","category-disciplinas-deportivas","tag-alianza-lima","tag-paolo-de-la-haza"],"_links":{"self":[{"href":"https:\/\/elinformanteperu.com\/index.php\/wp-json\/wp\/v2\/posts\/3904","targetHints":{"allow":["GET"]}}],"collection":[{"href":"https:\/\/elinformanteperu.com\/index.php\/wp-json\/wp\/v2\/posts"}],"about":[{"href":"https:\/\/elinformanteperu.com\/index.php\/wp-json\/wp\/v2\/types\/post"}],"author":[{"embeddable":true,"href":"https:\/\/elinformanteperu.com\/index.php\/wp-json\/wp\/v2\/users\/1"}],"replies":[{"embeddable":true,"href":"https:\/\/elinformanteperu.com\/index.php\/wp-json\/wp\/v2\/comments?post=3904"}],"version-history":[{"count":1,"href":"https:\/\/elinformanteperu.com\/index.php\/wp-json\/wp\/v2\/posts\/3904\/revisions"}],"predecessor-version":[{"id":3907,"href":"https:\/\/elinformanteperu.com\/index.php\/wp-json\/wp\/v2\/posts\/3904\/revisions\/3907"}],"wp:featuredmedia":[{"embeddable":true,"href":"https:\/\/elinformanteperu.com\/index.php\/wp-json\/wp\/v2\/media\/3905"}],"wp:attachment":[{"href":"https:\/\/elinformanteperu.com\/index.php\/wp-json\/wp\/v2\/media?parent=3904"}],"wp:term":[{"taxonomy":"category","embeddable":true,"href":"https:\/\/elinformanteperu.com\/index.php\/wp-json\/wp\/v2\/categories?post=3904"},{"taxonomy":"post_tag","embeddable":true,"href":"https:\/\/elinformanteperu.com\/index.php\/wp-json\/wp\/v2\/tags?post=3904"}],"curies":[{"name":"wp","href":"https:\/\/api.w.org\/{rel}","templated":true}]}}