{"id":38556,"date":"2018-11-27T23:10:26","date_gmt":"2018-11-28T04:10:26","guid":{"rendered":"http:\/\/elinformanteperu.com\/?p=38556"},"modified":"2018-11-27T23:10:26","modified_gmt":"2018-11-28T04:10:26","slug":"yeni-vilcatoma-pide-la-expulsion-de-ursula-letona-de-fuerza-popular","status":"publish","type":"post","link":"https:\/\/elinformanteperu.com\/index.php\/2018\/11\/27\/yeni-vilcatoma-pide-la-expulsion-de-ursula-letona-de-fuerza-popular\/","title":{"rendered":"Yeni Vilcatoma pide la expulsi\u00f3n de \u00darsula Letona de Fuerza Popular"},"content":{"rendered":"<p><strong><span style=\"color: #000000;\">La congresista Yeni Vilcatoma pidi\u00f3 la expulsi\u00f3n de \u00darsula Letona de la bancada de Fuerza Popular confirm\u00f3 el vocero de ese grupo parlamentario Carlos Tubino.<\/span><\/strong><\/p>\n<p><span style=\"color: #000000;\"><strong>Lima, 27 de Noviembre 2018, (ANDINA).-<\/strong> La congresista Yeni Vilcatoma pidi\u00f3 la expulsi\u00f3n de \u00darsula Letona de la bancada de Fuerza Popular confirm\u00f3 el vocero de ese grupo parlamentario Carlos Tubino.<\/span><\/p>\n<p><span style=\"color: #000000;\">En declaraciones a la prensa, el portavoz de la bancada fujimorista inform\u00f3 haber recibido el documento suscrito por Vilcatoma solicitando la separaci\u00f3n de Letona \u201cpor no haber tenido una actitud proba\u201d, al promover el archivo de una moci\u00f3n para investigar las presuntas denuncias de corrupci\u00f3n en Promper\u00fa.<\/span><\/p>\n<p><span style=\"color: #000000;\">El documento enviado por Vilcatoma a Tubino, se\u00f1ala que \u00darsula Letona \u00abutiliz\u00f3 todo su poder para lograr el archivo de la moci\u00f3n de la comisi\u00f3n de Fiscalizaci\u00f3n, que buscaba investigar presuntas irregularidades en la entidad estatal mencionada\u00bb.<\/span><\/p>\n<p><span style=\"color: #000000;\">Este presunto accionar de Letona, infringe el \u00abreglamento del Congreso, el reglamento de Fuerza Popular y al c\u00f3digo de \u00e9tica; as\u00ed como los acuerdos de lucha contra la corrupci\u00f3n\u00bb, se lee en la carta de Vilcatoma que fue presentada esta tarde.<\/span><\/p>\n<p><span style=\"color: #000000;\">Al respecto, Tubino descart\u00f3 que este hecho afecte a la bancada o genere una divisi\u00f3n, porque se trata de un caso que involucra a dos legisladoras.<\/span><\/p>\n<p><span style=\"color: #000000;\">Adem\u00e1s, dijo que ambas parlamentarias, Vilcatoma y Letona, merecen todo el respeto y respaldo de Fuerza Popular.<\/span><\/p>\n","protected":false},"excerpt":{"rendered":"<p>La congresista Yeni Vilcatoma pidi\u00f3 la expulsi\u00f3n de \u00darsula Letona de la bancada de Fuerza Popular confirm\u00f3 el vocero de ese grupo parlamentario Carlos Tubino. Lima, 27 de Noviembre 2018, (ANDINA).- La congresista Yeni Vilcatoma pidi\u00f3 la expulsi\u00f3n de \u00darsula Letona de la bancada de Fuerza Popular confirm\u00f3 el vocero de ese grupo parlamentario Carlos [&hellip;]<\/p>\n","protected":false},"author":1,"featured_media":38558,"comment_status":"open","ping_status":"open","sticky":false,"template":"","format":"standard","meta":{"rop_custom_images_group":[],"rop_custom_messages_group":[],"rop_publish_now":"initial","rop_publish_now_accounts":[],"rop_publish_now_history":[],"rop_publish_now_status":"pending","footnotes":""},"categories":[5],"tags":[192,295,926,2383],"class_list":["post-38556","post","type-post","status-publish","format-standard","has-post-thumbnail","hentry","category-actualidad-informativa","tag-congreso","tag-fuerza-popular","tag-ursula-letona","tag-yeni-vilcatoma"],"_links":{"self":[{"href":"https:\/\/elinformanteperu.com\/index.php\/wp-json\/wp\/v2\/posts\/38556","targetHints":{"allow":["GET"]}}],"collection":[{"href":"https:\/\/elinformanteperu.com\/index.php\/wp-json\/wp\/v2\/posts"}],"about":[{"href":"https:\/\/elinformanteperu.com\/index.php\/wp-json\/wp\/v2\/types\/post"}],"author":[{"embeddable":true,"href":"https:\/\/elinformanteperu.com\/index.php\/wp-json\/wp\/v2\/users\/1"}],"replies":[{"embeddable":true,"href":"https:\/\/elinformanteperu.com\/index.php\/wp-json\/wp\/v2\/comments?post=38556"}],"version-history":[{"count":1,"href":"https:\/\/elinformanteperu.com\/index.php\/wp-json\/wp\/v2\/posts\/38556\/revisions"}],"predecessor-version":[{"id":38559,"href":"https:\/\/elinformanteperu.com\/index.php\/wp-json\/wp\/v2\/posts\/38556\/revisions\/38559"}],"wp:featuredmedia":[{"embeddable":true,"href":"https:\/\/elinformanteperu.com\/index.php\/wp-json\/wp\/v2\/media\/38558"}],"wp:attachment":[{"href":"https:\/\/elinformanteperu.com\/index.php\/wp-json\/wp\/v2\/media?parent=38556"}],"wp:term":[{"taxonomy":"category","embeddable":true,"href":"https:\/\/elinformanteperu.com\/index.php\/wp-json\/wp\/v2\/categories?post=38556"},{"taxonomy":"post_tag","embeddable":true,"href":"https:\/\/elinformanteperu.com\/index.php\/wp-json\/wp\/v2\/tags?post=38556"}],"curies":[{"name":"wp","href":"https:\/\/api.w.org\/{rel}","templated":true}]}}