{"id":38512,"date":"2018-11-26T23:47:41","date_gmt":"2018-11-27T04:47:41","guid":{"rendered":"http:\/\/elinformanteperu.com\/?p=38512"},"modified":"2018-11-26T23:47:41","modified_gmt":"2018-11-27T04:47:41","slug":"app-espera-que-pj-se-pronuncie-en-segunda-instancia-sobre-donayre","status":"publish","type":"post","link":"https:\/\/elinformanteperu.com\/index.php\/2018\/11\/26\/app-espera-que-pj-se-pronuncie-en-segunda-instancia-sobre-donayre\/","title":{"rendered":"APP espera que PJ se pronuncie en segunda instancia sobre Donayre"},"content":{"rendered":"<p><strong><span style=\"color: #000000;\">El vocero de APP, C\u00e9sar V\u00e1squez, manifest\u00f3 que est\u00e1n esperando que el Poder Judicial (PJ) se pronuncie en segunda instancia sobre Edwin Donayre.<\/span><\/strong><\/p>\n<p><span style=\"color: #000000;\"><strong>Lima, 26 de Noviembre 2018, (ANDINA).-<\/strong> El vocero de Alianza para el Progreso (APP), C\u00e9sar V\u00e1squez, manifest\u00f3 que est\u00e1n esperando que el Poder Judicial (PJ) se pronuncie en segunda instancia sobre la condena en contra de su colega de bancada, Edwin Donayre.<\/span><\/p>\n<p><span style=\"color: #000000;\">Esta ma\u00f1ana el Poder Judicial reiter\u00f3 su pedido al Congreso de la Rep\u00fablica para que autorice que la condena contra Donayre por peculado en agravio del Estado se haga efectiva.<\/span><\/p>\n<p><span style=\"color: #000000;\">\u201cLa bancada y el que habla no hemos evaluado el documento enviado por el Poder Judicial, pero es necesario recordar que nosotros estamos esperando una decisi\u00f3n en segunda instancia\u201d, dijo.<\/span><\/p>\n<p><span style=\"color: #000000;\">Seg\u00fan dijo, la misma actitud asumieron en casos anteriores, como el de Benicio R\u00edos, en el cual, tras el fallo en segunda instancia del Poder Judicial, se tom\u00f3 una acci\u00f3n inmediata del Parlamento.<\/span><\/p>\n<p><span style=\"color: #000000;\">\u201cEn Alianza para el Progreso no tenemos esp\u00edritu de blindar a nadie, hoy revisaremos esa acusaci\u00f3n lo consultaremos con nuestros asesores y si hay respuesta a nuestras dudas no habr\u00e1 problema en nuestra bancada, pero pedimos que se trate (a Donayre) en la misma medida que en otros casos\u201d, coment\u00f3.<\/span><\/p>\n<p><span style=\"color: #000000;\">V\u00e1squez, quien tambi\u00e9n integra la Comisi\u00f3n de Levantamiento de Inmunidad Parlamentaria, refiri\u00f3 que este grupo de trabajo deb\u00eda reunirse hoy, pero ante el homenaje al exsenador y constitucionalista Enrique Bernales, se posterg\u00f3.<\/span><\/p>\n<p><span style=\"color: #000000;\">\u201cHabr\u00e1 que evaluar este pedido del Poder Judicial en el seno de la comisi\u00f3n, est\u00e1 claro que nosotros no tenemos ning\u00fan esp\u00edritu de blindaje con ning\u00fan congresista, pero si queremos que se d\u00e9 el debido proceso\u201d, afirm\u00f3.<\/span><\/p>\n<p><span style=\"color: #000000;\">En agosto pasado, la Sala Penal Liquidadora de la Corte Superior de Justicia de Lima conden\u00f3 a cinco a\u00f1os y seis meses de prisi\u00f3n efectiva a Donayre por apropiaci\u00f3n il\u00edcita de combustible en el interior del Ej\u00e9rcito.<\/span><\/p>\n<p><span style=\"color: #000000;\">Se le atribuye al congresista ser autor de delito de peculado en el robo de combustible asignado a la 1\u00aa Brigada de las Fuerzas Especiales del Ej\u00e9rcito y la Regi\u00f3n Militar Sur, durante el a\u00f1o 2006.<\/span><\/p>\n","protected":false},"excerpt":{"rendered":"<p>El vocero de APP, C\u00e9sar V\u00e1squez, manifest\u00f3 que est\u00e1n esperando que el Poder Judicial (PJ) se pronuncie en segunda instancia sobre Edwin Donayre. Lima, 26 de Noviembre 2018, (ANDINA).- El vocero de Alianza para el Progreso (APP), C\u00e9sar V\u00e1squez, manifest\u00f3 que est\u00e1n esperando que el Poder Judicial (PJ) se pronuncie en segunda instancia sobre la [&hellip;]<\/p>\n","protected":false},"author":1,"featured_media":38514,"comment_status":"open","ping_status":"open","sticky":false,"template":"","format":"standard","meta":{"rop_custom_images_group":[],"rop_custom_messages_group":[],"rop_publish_now":"initial","rop_publish_now_accounts":[],"rop_publish_now_history":[],"rop_publish_now_status":"pending","footnotes":""},"categories":[5],"tags":[275,276,3871,2639],"class_list":["post-38512","post","type-post","status-publish","format-standard","has-post-thumbnail","hentry","category-actualidad-informativa","tag-alianza-para-el-progreso","tag-app","tag-cesar-vasquez","tag-edwin-donayre"],"_links":{"self":[{"href":"https:\/\/elinformanteperu.com\/index.php\/wp-json\/wp\/v2\/posts\/38512","targetHints":{"allow":["GET"]}}],"collection":[{"href":"https:\/\/elinformanteperu.com\/index.php\/wp-json\/wp\/v2\/posts"}],"about":[{"href":"https:\/\/elinformanteperu.com\/index.php\/wp-json\/wp\/v2\/types\/post"}],"author":[{"embeddable":true,"href":"https:\/\/elinformanteperu.com\/index.php\/wp-json\/wp\/v2\/users\/1"}],"replies":[{"embeddable":true,"href":"https:\/\/elinformanteperu.com\/index.php\/wp-json\/wp\/v2\/comments?post=38512"}],"version-history":[{"count":1,"href":"https:\/\/elinformanteperu.com\/index.php\/wp-json\/wp\/v2\/posts\/38512\/revisions"}],"predecessor-version":[{"id":38515,"href":"https:\/\/elinformanteperu.com\/index.php\/wp-json\/wp\/v2\/posts\/38512\/revisions\/38515"}],"wp:featuredmedia":[{"embeddable":true,"href":"https:\/\/elinformanteperu.com\/index.php\/wp-json\/wp\/v2\/media\/38514"}],"wp:attachment":[{"href":"https:\/\/elinformanteperu.com\/index.php\/wp-json\/wp\/v2\/media?parent=38512"}],"wp:term":[{"taxonomy":"category","embeddable":true,"href":"https:\/\/elinformanteperu.com\/index.php\/wp-json\/wp\/v2\/categories?post=38512"},{"taxonomy":"post_tag","embeddable":true,"href":"https:\/\/elinformanteperu.com\/index.php\/wp-json\/wp\/v2\/tags?post=38512"}],"curies":[{"name":"wp","href":"https:\/\/api.w.org\/{rel}","templated":true}]}}