{"id":38508,"date":"2018-11-26T23:45:27","date_gmt":"2018-11-27T04:45:27","guid":{"rendered":"http:\/\/elinformanteperu.com\/?p=38508"},"modified":"2018-11-26T23:45:27","modified_gmt":"2018-11-27T04:45:27","slug":"presidente-del-congreso-resalto-rol-de-bernales-en-la-politica","status":"publish","type":"post","link":"https:\/\/elinformanteperu.com\/index.php\/2018\/11\/26\/presidente-del-congreso-resalto-rol-de-bernales-en-la-politica\/","title":{"rendered":"Presidente del Congreso resalt\u00f3 rol de Bernales en la pol\u00edtica"},"content":{"rendered":"<p><strong><span style=\"color: #000000;\">El fallecido constitucionalista Enrique Bernales fue un pol\u00edtico de polendas y apasionado por la cultura, sostuvo el presidente del Congreso, Daniel Salaverry.<\/span><\/strong><\/p>\n<p><span style=\"color: #000000;\"><strong>Lima, 26 de Noviembre 2018, (ANDINA).-<\/strong> El fallecido constitucionalista Enrique Bernales fue un pol\u00edtico de polendas y apasionado por la cultura, sostuvo el presidente del Congreso, Daniel Salaverry, durante el homenaje p\u00f3stumo realizado en la sede del Parlamento.<\/span><\/p>\n<p><span style=\"color: #000000;\">Seg\u00fan remarc\u00f3, Bernales apoy\u00f3 a muchos artistas y fue un gestor cultural pese a las dificultades que enfrenta la cultura en el pa\u00eds.<\/span><\/p>\n<p><span style=\"color: #000000;\">\u201cSiempre estuvo motivando, inculcando a j\u00f3venes valores para que puedan salir adelante en este mundo tan dif\u00edcil\u201d, se\u00f1al\u00f3 Salaverry.<\/span><\/p>\n<p><span style=\"color: #000000;\">Refiri\u00f3, adem\u00e1s, que \u00faltimamente Bernales fue claro en alertar sobre los riesgos que traen los caudillos mesi\u00e1nicos, los riesgos de la democracia plebiscitaria y necesidad de defender el fuero parlamentario y su autonom\u00eda.<\/span><\/p>\n<p><span style=\"color: #000000;\">De igual modo, resalt\u00f3 que su don de gente le permiti\u00f3 a Bernales abrir las puertas a partidos de otras tendencias ideol\u00f3gicas y siempre los escuch\u00f3 con atenci\u00f3n y respeto, lo que, asegur\u00f3, adecentaba la pol\u00edtica.<\/span><\/p>\n<p><span style=\"color: #000000;\">\u201cNunca lo detuvo su enfermedad, las dolencias no fueron pretexto para que no aporte a su pa\u00eds\u201d, agreg\u00f3 al recordar que el exsenador particip\u00f3 en los debates que la Comisi\u00f3n de Constituci\u00f3n hizo sobre las reformas.<\/span><\/p>\n<p><span style=\"color: #000000;\">\u201cSe ha ido un caballero, un educador, un pol\u00edtico que, como dec\u00eda Arist\u00f3teles, re\u00fane todo lo que un hombre debe tener. Descansa en paz, Enrique Bernales, el Per\u00fa te va a extra\u00f1ar\u201d, puntualiz\u00f3 Salaverry.<\/span><\/p>\n","protected":false},"excerpt":{"rendered":"<p>El fallecido constitucionalista Enrique Bernales fue un pol\u00edtico de polendas y apasionado por la cultura, sostuvo el presidente del Congreso, Daniel Salaverry. Lima, 26 de Noviembre 2018, (ANDINA).- El fallecido constitucionalista Enrique Bernales fue un pol\u00edtico de polendas y apasionado por la cultura, sostuvo el presidente del Congreso, Daniel Salaverry, durante el homenaje p\u00f3stumo realizado [&hellip;]<\/p>\n","protected":false},"author":1,"featured_media":38510,"comment_status":"open","ping_status":"open","sticky":false,"template":"","format":"standard","meta":{"rop_custom_images_group":[],"rop_custom_messages_group":[],"rop_publish_now":"initial","rop_publish_now_accounts":[],"rop_publish_now_history":[],"rop_publish_now_status":"pending","footnotes":""},"categories":[5],"tags":[192,858,773],"class_list":["post-38508","post","type-post","status-publish","format-standard","has-post-thumbnail","hentry","category-actualidad-informativa","tag-congreso","tag-daniel-salaverry","tag-enrique-bernales"],"_links":{"self":[{"href":"https:\/\/elinformanteperu.com\/index.php\/wp-json\/wp\/v2\/posts\/38508","targetHints":{"allow":["GET"]}}],"collection":[{"href":"https:\/\/elinformanteperu.com\/index.php\/wp-json\/wp\/v2\/posts"}],"about":[{"href":"https:\/\/elinformanteperu.com\/index.php\/wp-json\/wp\/v2\/types\/post"}],"author":[{"embeddable":true,"href":"https:\/\/elinformanteperu.com\/index.php\/wp-json\/wp\/v2\/users\/1"}],"replies":[{"embeddable":true,"href":"https:\/\/elinformanteperu.com\/index.php\/wp-json\/wp\/v2\/comments?post=38508"}],"version-history":[{"count":1,"href":"https:\/\/elinformanteperu.com\/index.php\/wp-json\/wp\/v2\/posts\/38508\/revisions"}],"predecessor-version":[{"id":38511,"href":"https:\/\/elinformanteperu.com\/index.php\/wp-json\/wp\/v2\/posts\/38508\/revisions\/38511"}],"wp:featuredmedia":[{"embeddable":true,"href":"https:\/\/elinformanteperu.com\/index.php\/wp-json\/wp\/v2\/media\/38510"}],"wp:attachment":[{"href":"https:\/\/elinformanteperu.com\/index.php\/wp-json\/wp\/v2\/media?parent=38508"}],"wp:term":[{"taxonomy":"category","embeddable":true,"href":"https:\/\/elinformanteperu.com\/index.php\/wp-json\/wp\/v2\/categories?post=38508"},{"taxonomy":"post_tag","embeddable":true,"href":"https:\/\/elinformanteperu.com\/index.php\/wp-json\/wp\/v2\/tags?post=38508"}],"curies":[{"name":"wp","href":"https:\/\/api.w.org\/{rel}","templated":true}]}}