{"id":38348,"date":"2018-11-25T13:52:26","date_gmt":"2018-11-25T18:52:26","guid":{"rendered":"http:\/\/elinformanteperu.com\/?p=38348"},"modified":"2018-11-25T13:52:26","modified_gmt":"2018-11-25T18:52:26","slug":"enrique-bernales-instituciones-y-autoridades-lamentan-fallecimiento","status":"publish","type":"post","link":"https:\/\/elinformanteperu.com\/index.php\/2018\/11\/25\/enrique-bernales-instituciones-y-autoridades-lamentan-fallecimiento\/","title":{"rendered":"Enrique Bernales: instituciones y autoridades lamentan fallecimiento"},"content":{"rendered":"<p><strong><span style=\"color: #000000;\">La muerte del exsenador Enrique Bernales, gener\u00f3 una serie de mensajes se\u00f1alando sus virtudes como defensor de la constitucionalidad en el Per\u00fa.<\/span><\/strong><\/p>\n<p><span style=\"color: #000000;\"><strong>Lima, 25 de Noviembre 2018, (ANDINA).-<\/strong> La muerte del exsenador y destacado constitucionalista Enrique Bernales, gener\u00f3 una serie de mensajes se\u00f1alando sus virtudes como defensor de la constitucionalidad en el Per\u00fa y los valores que siempre defendi\u00f3.<\/span><\/p>\n<p><span style=\"color: #000000;\">El Ministerio de Cultura, a trav\u00e9s de su cuenta de Twitter, lament\u00f3 la partida de Bernales Ballesteros, uno de los promotores de la \u00f3pera y la zarzuela en nuestro pa\u00eds.<\/span><\/p>\n<p><span style=\"color: #000000;\">En el Poder Ejecutivo, el titular del Consejo de Ministros, C\u00e9sar Villanueva, calific\u00f3 como irreparable el fallecimiento del destacado constitucionalista, \u201ccuyos conocimientos supo transmitir sin olvidar que la naturaleza y finalidad de toda ley es la persona\u201d.<\/span><\/p>\n<p><span style=\"color: #000000;\">Mientras que la vicepresidenta de la Rep\u00fablica, Mercedes Ar\u00e1oz, destac\u00f3 su labor como maestro universitario y \u201cconstitucionalista mel\u00f3mano\u201d.<\/span><\/p>\n<p><span style=\"color: #000000;\">Por su parte, el presidente del Congreso, Daniel Salaverry, indic\u00f3 que la enfermedad que lo afect\u00f3 en los \u00faltimos a\u00f1os \u201cnunca fue impedimento para que aporte su valioso conocimiento al pa\u00eds\u201d.<\/span><\/p>\n<p><span style=\"color: #000000;\">Asimismo, el defensor del Pueblo, Walter Guti\u00e9rrez, precis\u00f3 que Enrique Bernales era \u201cun notable dem\u00f3crata\u201d.<\/span><\/p>\n<p><span style=\"color: #000000;\">Por \u00faltimo, el presidente de Transparencia Internacional, Allan Wagner, se\u00f1al\u00f3 que Bernales era un \u201cdem\u00f3crata, jurista, profesor y amigo entra\u00f1able\u201d.<\/span><\/p>\n","protected":false},"excerpt":{"rendered":"<p>La muerte del exsenador Enrique Bernales, gener\u00f3 una serie de mensajes se\u00f1alando sus virtudes como defensor de la constitucionalidad en el Per\u00fa. Lima, 25 de Noviembre 2018, (ANDINA).- La muerte del exsenador y destacado constitucionalista Enrique Bernales, gener\u00f3 una serie de mensajes se\u00f1alando sus virtudes como defensor de la constitucionalidad en el Per\u00fa y los [&hellip;]<\/p>\n","protected":false},"author":1,"featured_media":38350,"comment_status":"open","ping_status":"open","sticky":false,"template":"","format":"standard","meta":{"rop_custom_images_group":[],"rop_custom_messages_group":[],"rop_publish_now":"initial","rop_publish_now_accounts":[],"rop_publish_now_history":[],"rop_publish_now_status":"pending","footnotes":""},"categories":[5],"tags":[773],"class_list":["post-38348","post","type-post","status-publish","format-standard","has-post-thumbnail","hentry","category-actualidad-informativa","tag-enrique-bernales"],"_links":{"self":[{"href":"https:\/\/elinformanteperu.com\/index.php\/wp-json\/wp\/v2\/posts\/38348","targetHints":{"allow":["GET"]}}],"collection":[{"href":"https:\/\/elinformanteperu.com\/index.php\/wp-json\/wp\/v2\/posts"}],"about":[{"href":"https:\/\/elinformanteperu.com\/index.php\/wp-json\/wp\/v2\/types\/post"}],"author":[{"embeddable":true,"href":"https:\/\/elinformanteperu.com\/index.php\/wp-json\/wp\/v2\/users\/1"}],"replies":[{"embeddable":true,"href":"https:\/\/elinformanteperu.com\/index.php\/wp-json\/wp\/v2\/comments?post=38348"}],"version-history":[{"count":1,"href":"https:\/\/elinformanteperu.com\/index.php\/wp-json\/wp\/v2\/posts\/38348\/revisions"}],"predecessor-version":[{"id":38351,"href":"https:\/\/elinformanteperu.com\/index.php\/wp-json\/wp\/v2\/posts\/38348\/revisions\/38351"}],"wp:featuredmedia":[{"embeddable":true,"href":"https:\/\/elinformanteperu.com\/index.php\/wp-json\/wp\/v2\/media\/38350"}],"wp:attachment":[{"href":"https:\/\/elinformanteperu.com\/index.php\/wp-json\/wp\/v2\/media?parent=38348"}],"wp:term":[{"taxonomy":"category","embeddable":true,"href":"https:\/\/elinformanteperu.com\/index.php\/wp-json\/wp\/v2\/categories?post=38348"},{"taxonomy":"post_tag","embeddable":true,"href":"https:\/\/elinformanteperu.com\/index.php\/wp-json\/wp\/v2\/tags?post=38348"}],"curies":[{"name":"wp","href":"https:\/\/api.w.org\/{rel}","templated":true}]}}