{"id":38338,"date":"2018-11-25T13:08:16","date_gmt":"2018-11-25T18:08:16","guid":{"rendered":"http:\/\/elinformanteperu.com\/?p=38338"},"modified":"2018-11-25T13:08:16","modified_gmt":"2018-11-25T18:08:16","slug":"conmebol-posterga-la-final-de-la-copa-libertadores-y-fijara-nueva-fecha","status":"publish","type":"post","link":"https:\/\/elinformanteperu.com\/index.php\/2018\/11\/25\/conmebol-posterga-la-final-de-la-copa-libertadores-y-fijara-nueva-fecha\/","title":{"rendered":"Conmebol posterga la final de la Copa Libertadores y fijar\u00e1 nueva fecha"},"content":{"rendered":"<p><strong><span style=\"color: #000000;\">La hist\u00f3rica final de la Copa Libertadores de Am\u00e9rica 2018 entre los archienemigos Boca Juniors y River Plate, se posterg\u00f3 a una fecha a\u00fan por decidir.<\/span><\/strong><\/p>\n<p><span style=\"color: #000000;\"><strong>Buenos Aires, 25 de Noviembre 2018, (ANDINA).-<\/strong> La hist\u00f3rica final de la Copa Libertadores de Am\u00e9rica 2018 entre los archienemigos Boca Juniors y River Plate, empa\u00f1ada el s\u00e1bado por hechos de violencia, se posterg\u00f3 a una fecha a\u00fan por decidir, anunci\u00f3 este domingo el presidente de la Conmebol, Alejandro Dom\u00ednguez.<\/span><\/p>\n<p><span style=\"color: #000000;\">\u00abNo est\u00e1n dadas las condiciones de igualdad deportiva para la disputa la final. Por eso la Conmebol ha tomado la decisi\u00f3n de postergar la final de la Libertadores y convoca a los presidentes de ambos clubes a Asunci\u00f3n para buscar una nueva fecha\u00bb, dijo Dom\u00ednguez al canal deportivo Fox Sports.<\/span><\/p>\n<p><img fetchpriority=\"high\" decoding=\"async\" class=\"aligncenter size-full wp-image-37464\" src=\"http:\/\/elinformanteperu.com\/wp-content\/uploads\/2018\/11\/boca-river-final-bombonera2.jpg\" alt=\"\" width=\"1800\" height=\"1305\" srcset=\"https:\/\/elinformanteperu.com\/wp-content\/uploads\/2018\/11\/boca-river-final-bombonera2.jpg 1800w, https:\/\/elinformanteperu.com\/wp-content\/uploads\/2018\/11\/boca-river-final-bombonera2-300x218.jpg 300w, https:\/\/elinformanteperu.com\/wp-content\/uploads\/2018\/11\/boca-river-final-bombonera2-768x557.jpg 768w, https:\/\/elinformanteperu.com\/wp-content\/uploads\/2018\/11\/boca-river-final-bombonera2-1024x742.jpg 1024w, https:\/\/elinformanteperu.com\/wp-content\/uploads\/2018\/11\/boca-river-final-bombonera2-128x93.jpg 128w, https:\/\/elinformanteperu.com\/wp-content\/uploads\/2018\/11\/boca-river-final-bombonera2-32x23.jpg 32w\" sizes=\"(max-width: 1800px) 100vw, 1800px\" \/><\/p>\n","protected":false},"excerpt":{"rendered":"<p>La hist\u00f3rica final de la Copa Libertadores de Am\u00e9rica 2018 entre los archienemigos Boca Juniors y River Plate, se posterg\u00f3 a una fecha a\u00fan por decidir. Buenos Aires, 25 de Noviembre 2018, (ANDINA).- La hist\u00f3rica final de la Copa Libertadores de Am\u00e9rica 2018 entre los archienemigos Boca Juniors y River Plate, empa\u00f1ada el s\u00e1bado por [&hellip;]<\/p>\n","protected":false},"author":1,"featured_media":37352,"comment_status":"open","ping_status":"open","sticky":false,"template":"","format":"standard","meta":{"rop_custom_images_group":[],"rop_custom_messages_group":[],"rop_publish_now":"initial","rop_publish_now_accounts":[],"rop_publish_now_history":[],"rop_publish_now_status":"pending","footnotes":""},"categories":[8],"tags":[2642,2693,1387],"class_list":["post-38338","post","type-post","status-publish","format-standard","has-post-thumbnail","hentry","category-disciplinas-deportivas","tag-boca-juniors","tag-clausura-2018","tag-river-plate"],"_links":{"self":[{"href":"https:\/\/elinformanteperu.com\/index.php\/wp-json\/wp\/v2\/posts\/38338","targetHints":{"allow":["GET"]}}],"collection":[{"href":"https:\/\/elinformanteperu.com\/index.php\/wp-json\/wp\/v2\/posts"}],"about":[{"href":"https:\/\/elinformanteperu.com\/index.php\/wp-json\/wp\/v2\/types\/post"}],"author":[{"embeddable":true,"href":"https:\/\/elinformanteperu.com\/index.php\/wp-json\/wp\/v2\/users\/1"}],"replies":[{"embeddable":true,"href":"https:\/\/elinformanteperu.com\/index.php\/wp-json\/wp\/v2\/comments?post=38338"}],"version-history":[{"count":1,"href":"https:\/\/elinformanteperu.com\/index.php\/wp-json\/wp\/v2\/posts\/38338\/revisions"}],"predecessor-version":[{"id":38340,"href":"https:\/\/elinformanteperu.com\/index.php\/wp-json\/wp\/v2\/posts\/38338\/revisions\/38340"}],"wp:featuredmedia":[{"embeddable":true,"href":"https:\/\/elinformanteperu.com\/index.php\/wp-json\/wp\/v2\/media\/37352"}],"wp:attachment":[{"href":"https:\/\/elinformanteperu.com\/index.php\/wp-json\/wp\/v2\/media?parent=38338"}],"wp:term":[{"taxonomy":"category","embeddable":true,"href":"https:\/\/elinformanteperu.com\/index.php\/wp-json\/wp\/v2\/categories?post=38338"},{"taxonomy":"post_tag","embeddable":true,"href":"https:\/\/elinformanteperu.com\/index.php\/wp-json\/wp\/v2\/tags?post=38338"}],"curies":[{"name":"wp","href":"https:\/\/api.w.org\/{rel}","templated":true}]}}