{"id":38332,"date":"2018-11-25T10:17:54","date_gmt":"2018-11-25T15:17:54","guid":{"rendered":"http:\/\/elinformanteperu.com\/?p=38332"},"modified":"2018-11-25T10:17:54","modified_gmt":"2018-11-25T15:17:54","slug":"frente-amplio-califica-de-fructifera-la-gira-a-uruguay-por-caso-garcia","status":"publish","type":"post","link":"https:\/\/elinformanteperu.com\/index.php\/2018\/11\/25\/frente-amplio-califica-de-fructifera-la-gira-a-uruguay-por-caso-garcia\/","title":{"rendered":"Frente Amplio califica de fruct\u00edfera la gira a Uruguay por caso Garc\u00eda"},"content":{"rendered":"<p><strong><span style=\"color: #000000;\">Los congresistas del Frente Amplio se\u00f1alaron que las reuniones que sostuvieron en Uruguay para explicar el caso del expresidente Alan Garc\u00eda fueron fruct\u00edferas y oportunas.<\/span><\/strong><\/p>\n<p><span style=\"color: #000000;\"><strong>Lima, 24 de Noviembre 2018, (ANDINA).-<\/strong> Los congresistas del Frente Amplio (FA) se\u00f1alaron hoy que las reuniones que sostuvieron con los pol\u00edticos, la prensa y poblaci\u00f3n de Uruguay para explicar el caso del expresidente Alan Garc\u00eda fueron fruct\u00edferas y oportunas.<\/span><\/p>\n<p><span style=\"color: #000000;\">El legislador Marco Arana remarc\u00f3 que en el viaje se cumpli\u00f3 el objetivo de informar a autoridades y medios uruguayos que en el Per\u00fa impera el Estado de Derecho y por lo tanto no hay persecuci\u00f3n pol\u00edtica contra Alan Garc\u00eda.<\/span><\/p>\n<p><span style=\"color: #000000;\">\u201cFue un viaje sumamente oportuno porque la carta de Alan Garc\u00eda, difundida hace unos d\u00edas, hab\u00eda sembrado la duda en algunos de que aqu\u00ed hay persecuci\u00f3n de jueces y fiscales\u201d, declar\u00f3 en el Aeropuerto Internacional Jorge Ch\u00e1vez luego de arribar a Lima junto a Wilbert Rozas y Humberto Morales.<\/span><\/p>\n<p><span style=\"color: #000000;\">Detall\u00f3 que la comitiva se reuni\u00f3 con sus pares del Frente Amplio y miembros de la C\u00e1mara de Representantes de la Asamblea Nacional de Uruguay.<\/span><\/p>\n<p><span style=\"color: #000000;\">Anot\u00f3 que varios pol\u00edticos y ciudadanos uruguayos ahora tienen un punto de vista m\u00e1s objetivo del caso del expresidente Alan Garc\u00eda y las razones por las que exmandatario no califica para un asilo diplom\u00e1tico.<\/span><\/p>\n<p><span style=\"color: #000000;\">\u201cHemos aclarado varios puntos, ahora tenemos opiniones diferentes, incluso tenemos entendido que ciudadanos de Uruguay se manifestar\u00e1n en contra de la posibilidad de otorgar asilo a Alan Garc\u00eda\u201d, anot\u00f3.<\/span><\/p>\n<p><span style=\"color: #000000;\">Arana record\u00f3 que el exmandatario es investigado en relaci\u00f3n a graves delitos de corrupci\u00f3n y se le est\u00e1 dando el debido proceso.<\/span><\/p>\n","protected":false},"excerpt":{"rendered":"<p>Los congresistas del Frente Amplio se\u00f1alaron que las reuniones que sostuvieron en Uruguay para explicar el caso del expresidente Alan Garc\u00eda fueron fruct\u00edferas y oportunas. Lima, 24 de Noviembre 2018, (ANDINA).- Los congresistas del Frente Amplio (FA) se\u00f1alaron hoy que las reuniones que sostuvieron con los pol\u00edticos, la prensa y poblaci\u00f3n de Uruguay para explicar [&hellip;]<\/p>\n","protected":false},"author":1,"featured_media":20819,"comment_status":"open","ping_status":"open","sticky":false,"template":"","format":"standard","meta":{"rop_custom_images_group":[],"rop_custom_messages_group":[],"rop_publish_now":"initial","rop_publish_now_accounts":[],"rop_publish_now_history":[],"rop_publish_now_status":"pending","footnotes":""},"categories":[5],"tags":[3857,158,476],"class_list":["post-38332","post","type-post","status-publish","format-standard","has-post-thumbnail","hentry","category-actualidad-informativa","tag-extradicion-alan-garcia","tag-frente-amplio","tag-marco-arana"],"_links":{"self":[{"href":"https:\/\/elinformanteperu.com\/index.php\/wp-json\/wp\/v2\/posts\/38332","targetHints":{"allow":["GET"]}}],"collection":[{"href":"https:\/\/elinformanteperu.com\/index.php\/wp-json\/wp\/v2\/posts"}],"about":[{"href":"https:\/\/elinformanteperu.com\/index.php\/wp-json\/wp\/v2\/types\/post"}],"author":[{"embeddable":true,"href":"https:\/\/elinformanteperu.com\/index.php\/wp-json\/wp\/v2\/users\/1"}],"replies":[{"embeddable":true,"href":"https:\/\/elinformanteperu.com\/index.php\/wp-json\/wp\/v2\/comments?post=38332"}],"version-history":[{"count":1,"href":"https:\/\/elinformanteperu.com\/index.php\/wp-json\/wp\/v2\/posts\/38332\/revisions"}],"predecessor-version":[{"id":38334,"href":"https:\/\/elinformanteperu.com\/index.php\/wp-json\/wp\/v2\/posts\/38332\/revisions\/38334"}],"wp:featuredmedia":[{"embeddable":true,"href":"https:\/\/elinformanteperu.com\/index.php\/wp-json\/wp\/v2\/media\/20819"}],"wp:attachment":[{"href":"https:\/\/elinformanteperu.com\/index.php\/wp-json\/wp\/v2\/media?parent=38332"}],"wp:term":[{"taxonomy":"category","embeddable":true,"href":"https:\/\/elinformanteperu.com\/index.php\/wp-json\/wp\/v2\/categories?post=38332"},{"taxonomy":"post_tag","embeddable":true,"href":"https:\/\/elinformanteperu.com\/index.php\/wp-json\/wp\/v2\/tags?post=38332"}],"curies":[{"name":"wp","href":"https:\/\/api.w.org\/{rel}","templated":true}]}}