{"id":38329,"date":"2018-11-25T10:14:59","date_gmt":"2018-11-25T15:14:59","guid":{"rendered":"http:\/\/elinformanteperu.com\/?p=38329"},"modified":"2018-11-25T10:14:59","modified_gmt":"2018-11-25T15:14:59","slug":"fallece-destacado-constitucionalista-enrique-bernales","status":"publish","type":"post","link":"https:\/\/elinformanteperu.com\/index.php\/2018\/11\/25\/fallece-destacado-constitucionalista-enrique-bernales\/","title":{"rendered":"Fallece destacado constitucionalista Enrique Bernales"},"content":{"rendered":"<p><strong><span style=\"color: #000000;\">Enrique Bernales, quien ven\u00eda desempe\u00f1ando el cargo de presidente del Tribunal de Honor del Pacto \u00c9tico Electoral, falleci\u00f3 a los 78 a\u00f1os de edad.<\/span><\/strong><\/p>\n<p><span style=\"color: #000000;\"><strong>Lima, 24 de Noviembre 2018, (ANDINA).-<\/strong> El destacado constitucionalista y exsenador Enrique Bernales, quien ven\u00eda desempe\u00f1ando el cargo de presidente del Tribunal de Honor del Pacto \u00c9tico Electoral, falleci\u00f3 a los 78 a\u00f1os de edad.<\/span><\/p>\n<p><span style=\"color: #000000;\">Enrique Bernales ven\u00eda sufriendo una penosa enfermedad.<\/span><\/p>\n<p><span style=\"color: #000000;\">De profesi\u00f3n abogado, se desempe\u00f1\u00f3 en 1987 como relator especial para el Mercenarismo de la Comisi\u00f3n de Derechos Humanos de las Naciones Unidas, labor que realiz\u00f3 hasta 2004.<\/span><\/p>\n<p><span style=\"color: #000000;\">Asimismo, de 2001 a 2003 form\u00f3 parte de la Comisi\u00f3n de la Verdad y Reconciliaci\u00f3n, organizaci\u00f3n creada para elaborar el informe sobre la violencia ocurrida en el periodo 1980 y 2000.<\/span><\/p>\n<p><span style=\"color: #000000;\">En tanto, en 2007 fue designado miembro de la Comisi\u00f3n Consultiva ad hoc del Ministerio de Relaciones Exteriores para el conflicto de delimitanci\u00f3n mar\u00edtima entre Chile y Per\u00fa.<\/span><\/p>\n<p><span style=\"color: #000000;\">El \u00faltimo cargo que ocup\u00f3 fue el de presidente del Tribunal de Honor del Pacto \u00c9tico Electoral, instituci\u00f3n promovida por el Jurado Nacional de Elecciones (JNE).<\/span><\/p>\n","protected":false},"excerpt":{"rendered":"<p>Enrique Bernales, quien ven\u00eda desempe\u00f1ando el cargo de presidente del Tribunal de Honor del Pacto \u00c9tico Electoral, falleci\u00f3 a los 78 a\u00f1os de edad. Lima, 24 de Noviembre 2018, (ANDINA).- El destacado constitucionalista y exsenador Enrique Bernales, quien ven\u00eda desempe\u00f1ando el cargo de presidente del Tribunal de Honor del Pacto \u00c9tico Electoral, falleci\u00f3 a los [&hellip;]<\/p>\n","protected":false},"author":1,"featured_media":3988,"comment_status":"open","ping_status":"open","sticky":false,"template":"","format":"standard","meta":{"rop_custom_images_group":[],"rop_custom_messages_group":[],"rop_publish_now":"initial","rop_publish_now_accounts":[],"rop_publish_now_history":[],"rop_publish_now_status":"pending","footnotes":""},"categories":[5],"tags":[773],"class_list":["post-38329","post","type-post","status-publish","format-standard","has-post-thumbnail","hentry","category-actualidad-informativa","tag-enrique-bernales"],"_links":{"self":[{"href":"https:\/\/elinformanteperu.com\/index.php\/wp-json\/wp\/v2\/posts\/38329","targetHints":{"allow":["GET"]}}],"collection":[{"href":"https:\/\/elinformanteperu.com\/index.php\/wp-json\/wp\/v2\/posts"}],"about":[{"href":"https:\/\/elinformanteperu.com\/index.php\/wp-json\/wp\/v2\/types\/post"}],"author":[{"embeddable":true,"href":"https:\/\/elinformanteperu.com\/index.php\/wp-json\/wp\/v2\/users\/1"}],"replies":[{"embeddable":true,"href":"https:\/\/elinformanteperu.com\/index.php\/wp-json\/wp\/v2\/comments?post=38329"}],"version-history":[{"count":1,"href":"https:\/\/elinformanteperu.com\/index.php\/wp-json\/wp\/v2\/posts\/38329\/revisions"}],"predecessor-version":[{"id":38331,"href":"https:\/\/elinformanteperu.com\/index.php\/wp-json\/wp\/v2\/posts\/38329\/revisions\/38331"}],"wp:featuredmedia":[{"embeddable":true,"href":"https:\/\/elinformanteperu.com\/index.php\/wp-json\/wp\/v2\/media\/3988"}],"wp:attachment":[{"href":"https:\/\/elinformanteperu.com\/index.php\/wp-json\/wp\/v2\/media?parent=38329"}],"wp:term":[{"taxonomy":"category","embeddable":true,"href":"https:\/\/elinformanteperu.com\/index.php\/wp-json\/wp\/v2\/categories?post=38329"},{"taxonomy":"post_tag","embeddable":true,"href":"https:\/\/elinformanteperu.com\/index.php\/wp-json\/wp\/v2\/tags?post=38329"}],"curies":[{"name":"wp","href":"https:\/\/api.w.org\/{rel}","templated":true}]}}