{"id":38326,"date":"2018-11-25T10:12:10","date_gmt":"2018-11-25T15:12:10","guid":{"rendered":"http:\/\/elinformanteperu.com\/?p=38326"},"modified":"2018-11-25T10:12:10","modified_gmt":"2018-11-25T15:12:10","slug":"superfinal-boca-river-hoy-por-la-libertadores-con-la-mancha-de-la-violencia","status":"publish","type":"post","link":"https:\/\/elinformanteperu.com\/index.php\/2018\/11\/25\/superfinal-boca-river-hoy-por-la-libertadores-con-la-mancha-de-la-violencia\/","title":{"rendered":"Superfinal Boca-River hoy por la Libertadores con la mancha de la violencia"},"content":{"rendered":"<p><strong><span style=\"color: #000000;\">La in\u00e9dita final de la Copa Libertadores entre los archienemigos Boca Juniors y River Plate se disputar\u00e1 finalmente hoy (15:00 horas de Per\u00fa).<\/span><\/strong><\/p>\n<p><span style=\"color: #000000;\"><strong>Lima, 24 de Noviembre 2018, (ANDINA).-<\/strong> La in\u00e9dita final de la Copa Libertadores entre los archienemigos Boca Juniors y River Plate se disputar\u00e1 finalmente hoy (15:00 horas de Per\u00fa) tras ser suspendida en la jornada anterior por severos incidentes, aunque el hist\u00f3rico cl\u00e1sico mundial ya ha sido empa\u00f1ado por la mancha de la violencia.<\/span><\/p>\n<p><span style=\"color: #000000;\">El ataque de algunos hinchas con piedras y palos al autob\u00fas del plantel de Boca al acercarse al estadio Monumental de River dej\u00f3 a dos jugadores xeneizes con heridas y a otros afectados por gases que lanz\u00f3 la polic\u00eda para dispersar a los agresores.<\/span><\/p>\n<p><span style=\"color: #000000;\">Luego del 2-2 en la Bombonera hace dos semanas, en la ida de la in\u00e9dita final, la expectativa para la revancha en el Monumental hab\u00eda superado todos los l\u00edmites de la pasi\u00f3n, opacando incluso la cumbre del G-20, que sesionar\u00e1 en Buenos Aires los pr\u00f3ximos viernes y s\u00e1bado con los l\u00edderes de las principales potencias.<\/span><\/p>\n<p><span style=\"color: #000000;\">Pero la violencia de barrabravas atent\u00f3 nuevamente contra el f\u00fatbol, otro cap\u00edtulo en el largo historial de violencia en el balompi\u00e9 argentino.<\/span><\/p>\n<p><span style=\"color: #000000;\">\u00abUn d\u00eda triste para el f\u00fatbol sudamericano. Conmebol se solidariza con los jugadores, sus familias y todos los afectados. Lo que debi\u00f3 ser un encuentro deportivo para vivir, disfrutar y compartir lo mejor del f\u00fatbol sudamericano se convirti\u00f3 en una verg\u00fcenza\u00bb, lament\u00f3 el presidente de la Conmebol, Alejandro Dom\u00ednguez, en su cuenta de Twitter.<\/span><\/p>\n<p><span style=\"color: #000000;\">El mediocampista y capit\u00e1n de Boca, Pablo P\u00e9rez, y el tambi\u00e9n volante Gonzalo Lamardo fueron los m\u00e1s afectados por las esquirlas de los vidrios rotos, al sufrir lesiones en los ojos que obligaron su trasladado a un hospital cercano del estadio.<\/span><\/p>\n<p><span style=\"color: #000000;\">\u00abConmebol exige a las autoridades competentes acci\u00f3n inmediata y ofrece toda su colaboraci\u00f3n para identificar, capturar y judicializar a los responsables. Estos hechos no pueden quedar impunes. A los responsables debe caerles todo el peso de la ley y el rechazo de la sociedad\u00bb, tuite\u00f3 Dominguez.<\/span><\/p>\n<p><span style=\"color: #000000;\">Tras varias horas de tensi\u00f3n y confusi\u00f3n, y con ambos equipos encerrados en sus respectivos camerinos, la Conmebol tom\u00f3 la decisi\u00f3n de postergar el partido para el domingo, luego de intentar jugarlo el mismo s\u00e1bado corriendo en dos oportunidades la hora de inicio, originalmente prevista a las 17H00 locales (20H00 GMT).<\/span><\/p>\n<p><strong><span style=\"color: #000000;\">Pacto de caballeros<\/span><\/strong><\/p>\n<p><span style=\"color: #000000;\">Dom\u00ednguez asegur\u00f3 que sus hom\u00f3logos de River, Rodolfo D&#8217;Onofrio, y de Boca, Daniel Angelici, acordaron \u00abun pacto de caballeros\u00bb para suspender el partido y disputarlo el domingo a las 20H00 GMT.<\/span><\/p>\n<p><span style=\"color: #000000;\">\u00abNo estamos en situaci\u00f3n de jugar, nos est\u00e1n obligando a jugar el partido\u00bb, lament\u00f3 minutos antes del anuncio de la Conmebol el \u00eddolo &#8216;xeneize&#8217;, Carlos Tevez, uno de los m\u00e1s afectados por la inhalaci\u00f3n de los gases seg\u00fan las im\u00e1genes de televisi\u00f3n.<\/span><\/p>\n<p><span style=\"color: #000000;\">El exdelantero de la Juventus sali\u00f3 del vestuario boquense en compa\u00f1\u00eda del volante Fernando Gago, otro de los referentes del plantel, para dialogar con la prensa que aguardaba en uno de los pasillos contiguos.<\/span><\/p>\n<p><span style=\"color: #000000;\">Tras el anuncio de la postergaci\u00f3n del partido para el domingo, varios incidentes de hinchas de River con la polic\u00eda se registraron en las afueras del Monumental, mientras quienes se encontraban en el estadio fueron abandonado el recinto sin ocasionar desmanes.<\/span><\/p>\n<p><span style=\"color: #000000;\">Horas m\u00e1s tarde del anuncio de la Conmebol, la alcald\u00eda de Buenos Aires resolvi\u00f3 la clausura preventiva del Monumental, aunque no por los incidentes sino por exceso de p\u00fablico. La medida \u00abma\u00f1ana (domingo) podr\u00eda levantarse\u00bb tras el pago de una multa, asegur\u00f3 Ricardo Pedace al frente de la Agencia Gubernamental de Control.<\/span><\/p>\n<p><strong><span style=\"color: #000000;\">Violencia sin fin<\/span><\/strong><\/p>\n<p><span style=\"color: #000000;\">\u00abLos partidos lo ganamos o lo perdemos en la cancha. Pero con varios jugadores que terminaron lesionados, con otros a los que les hac\u00eda falta el aire, las condiciones no estaban dadas para jugar por esta agresi\u00f3n\u00bb, indic\u00f3 Angelici, el presidente boquense.<\/span><\/p>\n<p><span style=\"color: #000000;\">\u00abMe preocupa mucho que nuestros espect\u00e1culos se empa\u00f1en por inadaptados que hay en todos los equipos, y tengamos que lamentar y pasar por estos hechos lamentables que no pueden suceder en el f\u00fatbol\u00bb, dijo, a su turno, D&#8217;Onofrio, el presidente &#8216;millonario&#8217;.<\/span><\/p>\n<p><span style=\"color: #000000;\">\u00abNo era l\u00f3gico jugar as\u00ed, nuestra solidaridad y preocupaci\u00f3n era con Boca y con los jugadores, porque se ve\u00edan que estaban afectados por este hecho lamentable\u00bb, agreg\u00f3.<\/span><\/p>\n<p><span style=\"color: #000000;\">Boca ha hecho de esta Copa una obsesi\u00f3n, pues persigue el s\u00e9ptimo t\u00edtulo para igualar al tambi\u00e9n argentino Independiente como los m\u00e1ximos ganadores de la Libertadores, mientras que River, que gan\u00f3 la \u00faltima hace tres a\u00f1os, busca su cuarta corona.<\/span><\/p>\n<p><span style=\"color: #000000;\">River y Boca son los clubes m\u00e1s populares del pa\u00eds y representan juntos a un 70% de los hinchas, en un pa\u00eds con 44 millones de habitantes donde el f\u00fatbol es una obsesi\u00f3n sin distingo de sexo o edades.<\/span><\/p>\n<p><span style=\"color: #000000;\">Debido a la escalada de violencia en los \u00faltimos a\u00f1os, las autoridades decidieron en 2013 prohibir la presencia de simpatizantes visitantes, como ocurri\u00f3 este s\u00e1bado en el estadio de River, aunque los incidentes no se han detenido, incluso con v\u00edctimas fatales.<\/span><\/p>\n<p><img fetchpriority=\"high\" decoding=\"async\" class=\"aligncenter size-full wp-image-37464\" src=\"http:\/\/elinformanteperu.com\/wp-content\/uploads\/2018\/11\/boca-river-final-bombonera2.jpg\" alt=\"\" width=\"1800\" height=\"1305\" srcset=\"https:\/\/elinformanteperu.com\/wp-content\/uploads\/2018\/11\/boca-river-final-bombonera2.jpg 1800w, https:\/\/elinformanteperu.com\/wp-content\/uploads\/2018\/11\/boca-river-final-bombonera2-300x218.jpg 300w, https:\/\/elinformanteperu.com\/wp-content\/uploads\/2018\/11\/boca-river-final-bombonera2-768x557.jpg 768w, https:\/\/elinformanteperu.com\/wp-content\/uploads\/2018\/11\/boca-river-final-bombonera2-1024x742.jpg 1024w, https:\/\/elinformanteperu.com\/wp-content\/uploads\/2018\/11\/boca-river-final-bombonera2-128x93.jpg 128w, https:\/\/elinformanteperu.com\/wp-content\/uploads\/2018\/11\/boca-river-final-bombonera2-32x23.jpg 32w\" sizes=\"(max-width: 1800px) 100vw, 1800px\" \/><\/p>\n","protected":false},"excerpt":{"rendered":"<p>La in\u00e9dita final de la Copa Libertadores entre los archienemigos Boca Juniors y River Plate se disputar\u00e1 finalmente hoy (15:00 horas de Per\u00fa). Lima, 24 de Noviembre 2018, (ANDINA).- La in\u00e9dita final de la Copa Libertadores entre los archienemigos Boca Juniors y River Plate se disputar\u00e1 finalmente hoy (15:00 horas de Per\u00fa) tras ser suspendida [&hellip;]<\/p>\n","protected":false},"author":1,"featured_media":36882,"comment_status":"open","ping_status":"open","sticky":false,"template":"","format":"standard","meta":{"rop_custom_images_group":[],"rop_custom_messages_group":[],"rop_publish_now":"initial","rop_publish_now_accounts":[],"rop_publish_now_history":[],"rop_publish_now_status":"pending","footnotes":""},"categories":[8],"tags":[2642,2583,1387],"class_list":["post-38326","post","type-post","status-publish","format-standard","has-post-thumbnail","hentry","category-disciplinas-deportivas","tag-boca-juniors","tag-copa-libertadores-2018","tag-river-plate"],"_links":{"self":[{"href":"https:\/\/elinformanteperu.com\/index.php\/wp-json\/wp\/v2\/posts\/38326","targetHints":{"allow":["GET"]}}],"collection":[{"href":"https:\/\/elinformanteperu.com\/index.php\/wp-json\/wp\/v2\/posts"}],"about":[{"href":"https:\/\/elinformanteperu.com\/index.php\/wp-json\/wp\/v2\/types\/post"}],"author":[{"embeddable":true,"href":"https:\/\/elinformanteperu.com\/index.php\/wp-json\/wp\/v2\/users\/1"}],"replies":[{"embeddable":true,"href":"https:\/\/elinformanteperu.com\/index.php\/wp-json\/wp\/v2\/comments?post=38326"}],"version-history":[{"count":1,"href":"https:\/\/elinformanteperu.com\/index.php\/wp-json\/wp\/v2\/posts\/38326\/revisions"}],"predecessor-version":[{"id":38328,"href":"https:\/\/elinformanteperu.com\/index.php\/wp-json\/wp\/v2\/posts\/38326\/revisions\/38328"}],"wp:featuredmedia":[{"embeddable":true,"href":"https:\/\/elinformanteperu.com\/index.php\/wp-json\/wp\/v2\/media\/36882"}],"wp:attachment":[{"href":"https:\/\/elinformanteperu.com\/index.php\/wp-json\/wp\/v2\/media?parent=38326"}],"wp:term":[{"taxonomy":"category","embeddable":true,"href":"https:\/\/elinformanteperu.com\/index.php\/wp-json\/wp\/v2\/categories?post=38326"},{"taxonomy":"post_tag","embeddable":true,"href":"https:\/\/elinformanteperu.com\/index.php\/wp-json\/wp\/v2\/tags?post=38326"}],"curies":[{"name":"wp","href":"https:\/\/api.w.org\/{rel}","templated":true}]}}