{"id":38322,"date":"2018-11-25T10:06:56","date_gmt":"2018-11-25T15:06:56","guid":{"rendered":"http:\/\/elinformanteperu.com\/?p=38322"},"modified":"2018-11-25T10:06:56","modified_gmt":"2018-11-25T15:06:56","slug":"la-violencia-sin-fin-en-el-futbol-argentino","status":"publish","type":"post","link":"https:\/\/elinformanteperu.com\/index.php\/2018\/11\/25\/la-violencia-sin-fin-en-el-futbol-argentino\/","title":{"rendered":"La violencia sin fin en el f\u00fatbol argentino"},"content":{"rendered":"<p><strong><span style=\"color: #000000;\">Los ataques con piedras al autob\u00fas del plantel de Boca que oblig\u00f3 a suspender la final de la Copa Libertadores, es un nuevo cap\u00edtulo en el largo historial de violencia.<\/span><\/strong><\/p>\n<p><span style=\"color: #000000;\"><strong>Lima, 24 de Noviembre 2018, (ANDINA).-<\/strong> Los ataques con piedras al autob\u00fas del plantel de Boca que oblig\u00f3 a suspender la final de la Copa Libertadores de Am\u00e9rica-2018 es un nuevo cap\u00edtulo en el largo historial de violencia en el f\u00fatbol argentino.<\/span><\/p>\n<p><span style=\"color: #000000;\">Debido a la escalada de violencia en los \u00faltimos a\u00f1os, las autoridades decidieron en 2013 prohibir la presencia de simpatizantes visitantes, aunque los incidentes no se han detenido, incluso con v\u00edctimas fatales.<\/span><\/p>\n<p><span style=\"color: #000000;\">La veda para hinchas visitantes se aplic\u00f3 en la in\u00e9dita superfinal de la Copa Libertadores entre los archirrivales Boca y River, pero igualmente se produjeron desmanes con fan\u00e1ticos locales que obligaron a suspender el partido y reprogramarlo para este domingo.<\/span><\/p>\n<p><span style=\"color: #000000;\">El ataque con piedras al autob\u00fas boquense dej\u00f3 a varios jugadores con heridas leves, mientras su capit\u00e1n Pablo P\u00e9rez debi\u00f3 ser atendido en una cl\u00ednica privada por una lesi\u00f3n en un ojo.<\/span><\/p>\n<p><span style=\"color: #000000;\">La polic\u00eda se limit\u00f3 a observar los desmanes, seg\u00fan im\u00e1genes de la televisi\u00f3n.<\/span><\/p>\n<p><span style=\"color: #000000;\">Tras la suspensi\u00f3n del supercl\u00e1sico, el presidente de River, Rodolfo D&#8217;Onofrio, pidi\u00f3 que las autoridades \u00abencuentren a estos quince tipos, que est\u00e9n presos porque no puede ser que los millones que en Argentina y en el mundo quer\u00edan ver este partido se lo estropeen\u00bb.<\/span><\/p>\n<p><span style=\"color: #000000;\">\u00abEs un d\u00eda muy triste, son unos pocos inadaptados que hay en todos los clubes, esto nos tiene que avergonzar como sociedad y que por esos tengas que reprogramar un partido tan importante me da mucha tristeza\u00bb, dijo a su vez el presidente de Boca, Daniel Angelici.<\/span><\/p>\n<p><span style=\"color: #000000;\">Incluso en la anterior serie por la Libertadores entre ambos archirrivales en 2015, los jugadores de River fueron atacados con gas pimienta cuando sal\u00edan al campo de juego de La Bombonera para disputar el complemento en instancias de octavos de final entre Boca y River.<\/span><\/p>\n<p><span style=\"color: #000000;\">El hecho termin\u00f3 con la suspensi\u00f3n del partido que se le dio por ganado a River y la descalificaci\u00f3n de Boca.<\/span><\/p>\n<p><strong><span style=\"color: #000000;\">Larga lista de fallecidos<\/span><\/strong><\/p>\n<p><span style=\"color: #000000;\">El recurrente tema de la violencia en el f\u00fatbol argentino registra un largo palmar\u00e9s de v\u00edctimas fatales.<\/span><\/p>\n<p><span style=\"color: #000000;\">El n\u00famero de muertes por la violencia en este pa\u00eds sudamericano se elev\u00f3 a cuatro en lo que va del a\u00f1o y a 137 en los \u00faltimos 20 a\u00f1os, seg\u00fan la Ong Salvemos al F\u00fatbol (SAF).<\/span><\/p>\n<p><span style=\"color: #000000;\">El hecho fatal m\u00e1s reciente se produjo este mes cuando un joven de 22 a\u00f1os fue acribillado tras un partido de la Superliga de la primera divisi\u00f3n en la ciudad de Santa Fe.<\/span><\/p>\n<p><span style=\"color: #000000;\">Luis Javier Cabrera, de 22 a\u00f1os, cay\u00f3 abatido de cuatro balazos en un enfrentamiento entre aficionados al terminar el encuentro en que el local Uni\u00f3n empat\u00f3 con Patronato 2-2.<\/span><\/p>\n<p><span style=\"color: #000000;\">Las barrabravas de varios clubes son verdaderas fuerzas de choque, muchas veces vinculados a dirigentes deportivos y pol\u00edticos, que se solventan con actividades il\u00edcitas como reventa de entradas o cobrando estacionamientos a los automovilistas cerca de los estadios, seg\u00fan medios de prensa.<\/span><\/p>\n<p><span style=\"color: #000000;\">El mi\u00e9rcoles pasado se vivi\u00f3 otro inquietante episodio de violencia: un grupo de barrabravas de All Boys, de la tercera divisi\u00f3n de Argentina, atac\u00f3 a polic\u00edas y patrulleros con un saldo de 26 heridos, incluidos 16 uniformados.<\/span><\/p>\n<p><span style=\"color: #000000;\">Las im\u00e1genes del ataque, filmadas por vecinos, mostraron c\u00f3mo al menos cinco patrulleros (autos) policiales huyeron marcha atr\u00e1s ante el avance de los hinchas violentos, que les arrojaban palos, piedras y vallas.<\/span><\/p>\n<p><img fetchpriority=\"high\" decoding=\"async\" class=\"aligncenter size-full wp-image-36882\" src=\"http:\/\/elinformanteperu.com\/wp-content\/uploads\/2018\/11\/river-boca1.jpg\" alt=\"\" width=\"1800\" height=\"1284\" srcset=\"https:\/\/elinformanteperu.com\/wp-content\/uploads\/2018\/11\/river-boca1.jpg 1800w, https:\/\/elinformanteperu.com\/wp-content\/uploads\/2018\/11\/river-boca1-300x214.jpg 300w, https:\/\/elinformanteperu.com\/wp-content\/uploads\/2018\/11\/river-boca1-768x548.jpg 768w, https:\/\/elinformanteperu.com\/wp-content\/uploads\/2018\/11\/river-boca1-1024x730.jpg 1024w, https:\/\/elinformanteperu.com\/wp-content\/uploads\/2018\/11\/river-boca1-128x91.jpg 128w, https:\/\/elinformanteperu.com\/wp-content\/uploads\/2018\/11\/river-boca1-32x23.jpg 32w\" sizes=\"(max-width: 1800px) 100vw, 1800px\" \/><\/p>\n","protected":false},"excerpt":{"rendered":"<p>Los ataques con piedras al autob\u00fas del plantel de Boca que oblig\u00f3 a suspender la final de la Copa Libertadores, es un nuevo cap\u00edtulo en el largo historial de violencia. Lima, 24 de Noviembre 2018, (ANDINA).- Los ataques con piedras al autob\u00fas del plantel de Boca que oblig\u00f3 a suspender la final de la Copa [&hellip;]<\/p>\n","protected":false},"author":1,"featured_media":38324,"comment_status":"open","ping_status":"open","sticky":false,"template":"","format":"standard","meta":{"rop_custom_images_group":[],"rop_custom_messages_group":[],"rop_publish_now":"initial","rop_publish_now_accounts":[],"rop_publish_now_history":[],"rop_publish_now_status":"pending","footnotes":""},"categories":[8],"tags":[2642,2583,1387],"class_list":["post-38322","post","type-post","status-publish","format-standard","has-post-thumbnail","hentry","category-disciplinas-deportivas","tag-boca-juniors","tag-copa-libertadores-2018","tag-river-plate"],"_links":{"self":[{"href":"https:\/\/elinformanteperu.com\/index.php\/wp-json\/wp\/v2\/posts\/38322","targetHints":{"allow":["GET"]}}],"collection":[{"href":"https:\/\/elinformanteperu.com\/index.php\/wp-json\/wp\/v2\/posts"}],"about":[{"href":"https:\/\/elinformanteperu.com\/index.php\/wp-json\/wp\/v2\/types\/post"}],"author":[{"embeddable":true,"href":"https:\/\/elinformanteperu.com\/index.php\/wp-json\/wp\/v2\/users\/1"}],"replies":[{"embeddable":true,"href":"https:\/\/elinformanteperu.com\/index.php\/wp-json\/wp\/v2\/comments?post=38322"}],"version-history":[{"count":1,"href":"https:\/\/elinformanteperu.com\/index.php\/wp-json\/wp\/v2\/posts\/38322\/revisions"}],"predecessor-version":[{"id":38325,"href":"https:\/\/elinformanteperu.com\/index.php\/wp-json\/wp\/v2\/posts\/38322\/revisions\/38325"}],"wp:featuredmedia":[{"embeddable":true,"href":"https:\/\/elinformanteperu.com\/index.php\/wp-json\/wp\/v2\/media\/38324"}],"wp:attachment":[{"href":"https:\/\/elinformanteperu.com\/index.php\/wp-json\/wp\/v2\/media?parent=38322"}],"wp:term":[{"taxonomy":"category","embeddable":true,"href":"https:\/\/elinformanteperu.com\/index.php\/wp-json\/wp\/v2\/categories?post=38322"},{"taxonomy":"post_tag","embeddable":true,"href":"https:\/\/elinformanteperu.com\/index.php\/wp-json\/wp\/v2\/tags?post=38322"}],"curies":[{"name":"wp","href":"https:\/\/api.w.org\/{rel}","templated":true}]}}