{"id":38315,"date":"2018-11-24T10:57:44","date_gmt":"2018-11-24T15:57:44","guid":{"rendered":"http:\/\/elinformanteperu.com\/?p=38315"},"modified":"2018-11-24T10:57:44","modified_gmt":"2018-11-24T15:57:44","slug":"alan-garcia-todo-lo-que-paso-a-una-semana-del-pedido-de-asilo","status":"publish","type":"post","link":"https:\/\/elinformanteperu.com\/index.php\/2018\/11\/24\/alan-garcia-todo-lo-que-paso-a-una-semana-del-pedido-de-asilo\/","title":{"rendered":"Alan Garc\u00eda: todo lo que pas\u00f3 a una semana del pedido de asilo"},"content":{"rendered":"<p><strong><span style=\"color: #000000;\">Hoy se cumple una semana del asilo pol\u00edtico solicitado por el expresidente Alan Garc\u00eda a Uruguay, argumentando persecuci\u00f3n pol\u00edtica. Esto pas\u00f3 en los \u00faltimos siete d\u00edas.<\/span><\/strong><\/p>\n<p><span style=\"color: #000000;\"><strong>Lima, 24 de Noviembre 2018, (ANDINA).-<\/strong> Hoy se cumple una semana del asilo pol\u00edtico solicitado por el expresidente Alan Garc\u00eda a Uruguay, argumentando persecuci\u00f3n pol\u00edtica, figura descartada por las autoridades del Gobierno. Esto pas\u00f3 en los \u00faltimos siete d\u00edas.<\/span><\/p>\n<p><span style=\"color: #000000;\"><strong>17 de noviembre de 2018:<\/strong> El juez Juan S\u00e1nchez Balbuena aprob\u00f3 el pedido de impedimento de salida del pa\u00eds por 18 meses contra Alan Garc\u00eda, investigado por supuestos sobornos pagados por Odebrecht para adjudicarse un contrato para la construcci\u00f3n de la L\u00ednea 1 del Metro de Lima durante su segundo gobierno (2006-2011).<\/span><\/p>\n<p><span style=\"color: #000000;\">Garc\u00eda, quien un d\u00eda antes hab\u00eda dicho ante la prensa que para \u00e9l no era ning\u00fan castigo permanecer en el pa\u00eds, se refugi\u00f3 en la residencia del embajador de Uruguay en Lima para pedir asilo a su gobierno.<\/span><\/p>\n<p><span style=\"color: #000000;\"><strong>18 de noviembre de 2018:<\/strong> La Canciller\u00eda confirm\u00f3 que el exmandatario solicit\u00f3 asilo conforme a lo dispuesto por la Convenci\u00f3n sobre Asilo Diplom\u00e1tico de 1954, de la cual son parte Per\u00fa y Uruguay.<\/span><\/p>\n<p><span style=\"color: #000000;\">El presidente Mart\u00edn Vizcarra se comunic\u00f3 con su par de Uruguay, Tabar\u00e9 V\u00e1squez, para anunciarle que el Per\u00fa enviar\u00eda en breve toda la informaci\u00f3n relacionada al pedido de asilo de Garc\u00eda P\u00e9rez.<\/span><\/p>\n<p><span style=\"color: #000000;\"><strong>19 de noviembre de 2018:<\/strong> A trav\u00e9s de un comunicado, la Presidencia de Uruguay inform\u00f3 que decidir\u00e1 el asilo de Alan Garc\u00eda luego de recibir informaci\u00f3n procedente del Gobierno del Per\u00fa.<\/span><\/p>\n<p><span style=\"color: #000000;\"><strong>20 de noviembre de 2018:<\/strong> La Canciller\u00eda convoc\u00f3 al embajador de Uruguay en Lima, Carlos Barros, para entregarle una Nota Diplom\u00e1tica a trav\u00e9s de la cual recalc\u00f3 que en el Per\u00fa no existe persecuci\u00f3n pol\u00edtica de ning\u00fan tipo.<\/span><\/p>\n<p><span style=\"color: #000000;\">La Nota Diplom\u00e1tica fue acompa\u00f1ada de un documento explicativo sobre la situaci\u00f3n legal de Alan Garc\u00eda, elaborado por el Ministerio de Justicia y Derechos Humanos.<\/span><\/p>\n<p><span style=\"color: #000000;\"><strong>21 de noviembre de 2018:<\/strong> La vicepresidenta de Uruguay, Luc\u00eda Topolansky, se\u00f1al\u00f3 que su pa\u00eds analizar\u00e1 con \u201cprolijidad\u201d el pedido de asilo.<\/span><\/p>\n<p><span style=\"color: #000000;\">En una carta dirigida a la opini\u00f3n p\u00fablica, Garc\u00eda insisti\u00f3 en ser v\u00edctima de una persecuci\u00f3n pol\u00edtica, que hay el objetivo de encarcelarlo para humillarlo y que las acusaciones en su contra se basan en \u201crumores\u201d y \u201cespeculaciones\u201d.<\/span><\/p>\n<p><span style=\"color: #000000;\"><strong>22 de noviembre de 2018:<\/strong> Congresistas del Frente Amplio se reunieron con representantes pol\u00edticos del Frente Amplio de Uruguay en la ciudad de Montevideo para explicar que no existe persecuci\u00f3n pol\u00edtica en el Per\u00fa.<\/span><\/p>\n<p><span style=\"color: #000000;\"><strong>23 de noviembre de 2018:<\/strong> Legisladores del Partido Aprista (al que pertenece Alan Garc\u00eda) sostuvieron un encuentro con el expresidente uruguayo, Julio Mar\u00eda Sanguinetti, en la ciudad de Montevideo.<\/span><\/p>\n","protected":false},"excerpt":{"rendered":"<p>Hoy se cumple una semana del asilo pol\u00edtico solicitado por el expresidente Alan Garc\u00eda a Uruguay, argumentando persecuci\u00f3n pol\u00edtica. Esto pas\u00f3 en los \u00faltimos siete d\u00edas. Lima, 24 de Noviembre 2018, (ANDINA).- Hoy se cumple una semana del asilo pol\u00edtico solicitado por el expresidente Alan Garc\u00eda a Uruguay, argumentando persecuci\u00f3n pol\u00edtica, figura descartada por las [&hellip;]<\/p>\n","protected":false},"author":1,"featured_media":37734,"comment_status":"open","ping_status":"open","sticky":false,"template":"","format":"standard","meta":{"rop_custom_images_group":[],"rop_custom_messages_group":[],"rop_publish_now":"initial","rop_publish_now_accounts":[],"rop_publish_now_history":[],"rop_publish_now_status":"pending","footnotes":""},"categories":[5],"tags":[854,3857,174],"class_list":["post-38315","post","type-post","status-publish","format-standard","has-post-thumbnail","hentry","category-actualidad-informativa","tag-alan-garcia","tag-extradicion-alan-garcia","tag-uruguay"],"_links":{"self":[{"href":"https:\/\/elinformanteperu.com\/index.php\/wp-json\/wp\/v2\/posts\/38315","targetHints":{"allow":["GET"]}}],"collection":[{"href":"https:\/\/elinformanteperu.com\/index.php\/wp-json\/wp\/v2\/posts"}],"about":[{"href":"https:\/\/elinformanteperu.com\/index.php\/wp-json\/wp\/v2\/types\/post"}],"author":[{"embeddable":true,"href":"https:\/\/elinformanteperu.com\/index.php\/wp-json\/wp\/v2\/users\/1"}],"replies":[{"embeddable":true,"href":"https:\/\/elinformanteperu.com\/index.php\/wp-json\/wp\/v2\/comments?post=38315"}],"version-history":[{"count":1,"href":"https:\/\/elinformanteperu.com\/index.php\/wp-json\/wp\/v2\/posts\/38315\/revisions"}],"predecessor-version":[{"id":38317,"href":"https:\/\/elinformanteperu.com\/index.php\/wp-json\/wp\/v2\/posts\/38315\/revisions\/38317"}],"wp:featuredmedia":[{"embeddable":true,"href":"https:\/\/elinformanteperu.com\/index.php\/wp-json\/wp\/v2\/media\/37734"}],"wp:attachment":[{"href":"https:\/\/elinformanteperu.com\/index.php\/wp-json\/wp\/v2\/media?parent=38315"}],"wp:term":[{"taxonomy":"category","embeddable":true,"href":"https:\/\/elinformanteperu.com\/index.php\/wp-json\/wp\/v2\/categories?post=38315"},{"taxonomy":"post_tag","embeddable":true,"href":"https:\/\/elinformanteperu.com\/index.php\/wp-json\/wp\/v2\/tags?post=38315"}],"curies":[{"name":"wp","href":"https:\/\/api.w.org\/{rel}","templated":true}]}}