{"id":38311,"date":"2018-11-24T10:54:20","date_gmt":"2018-11-24T15:54:20","guid":{"rendered":"http:\/\/elinformanteperu.com\/?p=38311"},"modified":"2018-11-24T10:54:20","modified_gmt":"2018-11-24T15:54:20","slug":"concepcion-carhuancho-niega-estar-retrasando-apelacion-de-keiko-fujimori","status":"publish","type":"post","link":"https:\/\/elinformanteperu.com\/index.php\/2018\/11\/24\/concepcion-carhuancho-niega-estar-retrasando-apelacion-de-keiko-fujimori\/","title":{"rendered":"Concepci\u00f3n Carhuancho niega estar retrasando apelaci\u00f3n de Keiko Fujimori"},"content":{"rendered":"<p><strong><span style=\"color: #000000;\">El juez Richard Concepci\u00f3n Carhuancho neg\u00f3 estar retrasando la apelaci\u00f3n de la lideresa de Fuerza Popular, Keiko Fujimori, al fallo de prisi\u00f3n preventiva por 36 meses.<\/span><\/strong><\/p>\n<p><span style=\"color: #000000;\"><strong>Lima, 24 de Noviembre 2018, (ANDINA).-<\/strong> El juez Richard Concepci\u00f3n Carhuancho neg\u00f3 estar retrasando la apelaci\u00f3n de la lideresa de Fuerza Popular, Keiko Fujimori, al fallo de prisi\u00f3n preventiva por 36 meses dictado por su despacho.<\/span><\/p>\n<p><span style=\"color: #000000;\">Al concluir la audiencia de prisi\u00f3n preventiva contra Jaime Yoshiyama Tanaka y Augusto Bedoya, Concepci\u00f3n precis\u00f3 que el recurso de apelaci\u00f3n de Keiko Fujimori ser\u00e1 elevado a la sala superior jer\u00e1rquica correspondiente cuando todos los tr\u00e1mites y diligencias hayan concluido.<\/span><\/p>\n<p><span style=\"color: #000000;\">Precis\u00f3 que estaba pendiente la conclusi\u00f3n de la \u00faltima audiencia de prisi\u00f3n preventiva y que, adem\u00e1s, se espera que todos los investigados presenten sus apelaciones respectivas a las medidas dispuestas por el juzgado.<\/span><\/p>\n<p><span style=\"color: #000000;\">Al haberse realizado la \u00faltima audiencia de prisi\u00f3n preventiva, inform\u00f3 que la apelaci\u00f3n ser\u00e1 tramitada lo antes posible.<\/span><\/p>\n<p><span style=\"color: #000000;\">El magistrado dijo, adem\u00e1s, que se trata de un \u201ccaso complejo\u201d en el cual se han investigado a m\u00e1s de 50 personas involucradas.<\/span><\/p>\n<p><span style=\"color: #000000;\">Igualmente, dijo, requiere la transcripci\u00f3n de cientos de folios y un an\u00e1lisis detallado de todo lo actuado.<\/span><\/p>\n<p><span style=\"color: #000000;\">\u201cNo estamos retrasando la apelaci\u00f3n\u201d, manifest\u00f3 en respuesta a los cuestionamientos de la abogada de Keiko Fujimori y de Mark Vito Villanella, esposo de la lideresa de Fuerza Popular.<\/span><\/p>\n<p><span style=\"color: #000000;\">Vito Villanella incluso pidi\u00f3 al defensor del pueblo intervenir en este tema ya que considera que el juez Concepci\u00f3n no est\u00e1 cumpliendo el C\u00f3digo Procesal Penal al no dar tr\u00e1mite al recurso de apelaci\u00f3n.<\/span><\/p>\n","protected":false},"excerpt":{"rendered":"<p>El juez Richard Concepci\u00f3n Carhuancho neg\u00f3 estar retrasando la apelaci\u00f3n de la lideresa de Fuerza Popular, Keiko Fujimori, al fallo de prisi\u00f3n preventiva por 36 meses. Lima, 24 de Noviembre 2018, (ANDINA).- El juez Richard Concepci\u00f3n Carhuancho neg\u00f3 estar retrasando la apelaci\u00f3n de la lideresa de Fuerza Popular, Keiko Fujimori, al fallo de prisi\u00f3n preventiva [&hellip;]<\/p>\n","protected":false},"author":1,"featured_media":38313,"comment_status":"open","ping_status":"open","sticky":false,"template":"","format":"standard","meta":{"rop_custom_images_group":[],"rop_custom_messages_group":[],"rop_publish_now":"initial","rop_publish_now_accounts":[],"rop_publish_now_history":[],"rop_publish_now_status":"pending","footnotes":""},"categories":[5],"tags":[557,297],"class_list":["post-38311","post","type-post","status-publish","format-standard","has-post-thumbnail","hentry","category-actualidad-informativa","tag-keiko-fujimori","tag-richard-concepcion-carhuancho"],"_links":{"self":[{"href":"https:\/\/elinformanteperu.com\/index.php\/wp-json\/wp\/v2\/posts\/38311","targetHints":{"allow":["GET"]}}],"collection":[{"href":"https:\/\/elinformanteperu.com\/index.php\/wp-json\/wp\/v2\/posts"}],"about":[{"href":"https:\/\/elinformanteperu.com\/index.php\/wp-json\/wp\/v2\/types\/post"}],"author":[{"embeddable":true,"href":"https:\/\/elinformanteperu.com\/index.php\/wp-json\/wp\/v2\/users\/1"}],"replies":[{"embeddable":true,"href":"https:\/\/elinformanteperu.com\/index.php\/wp-json\/wp\/v2\/comments?post=38311"}],"version-history":[{"count":1,"href":"https:\/\/elinformanteperu.com\/index.php\/wp-json\/wp\/v2\/posts\/38311\/revisions"}],"predecessor-version":[{"id":38314,"href":"https:\/\/elinformanteperu.com\/index.php\/wp-json\/wp\/v2\/posts\/38311\/revisions\/38314"}],"wp:featuredmedia":[{"embeddable":true,"href":"https:\/\/elinformanteperu.com\/index.php\/wp-json\/wp\/v2\/media\/38313"}],"wp:attachment":[{"href":"https:\/\/elinformanteperu.com\/index.php\/wp-json\/wp\/v2\/media?parent=38311"}],"wp:term":[{"taxonomy":"category","embeddable":true,"href":"https:\/\/elinformanteperu.com\/index.php\/wp-json\/wp\/v2\/categories?post=38311"},{"taxonomy":"post_tag","embeddable":true,"href":"https:\/\/elinformanteperu.com\/index.php\/wp-json\/wp\/v2\/tags?post=38311"}],"curies":[{"name":"wp","href":"https:\/\/api.w.org\/{rel}","templated":true}]}}