{"id":38307,"date":"2018-11-24T10:51:09","date_gmt":"2018-11-24T15:51:09","guid":{"rendered":"http:\/\/elinformanteperu.com\/?p=38307"},"modified":"2018-11-24T10:51:09","modified_gmt":"2018-11-24T15:51:09","slug":"juez-ordena-capturar-a-yoshiyama-y-comparecencia-para-bedoya","status":"publish","type":"post","link":"https:\/\/elinformanteperu.com\/index.php\/2018\/11\/24\/juez-ordena-capturar-a-yoshiyama-y-comparecencia-para-bedoya\/","title":{"rendered":"Juez ordena capturar a Yoshiyama y comparecencia para Bedoya"},"content":{"rendered":"<p><strong><span style=\"color: #000000;\">El juez Richard Concepci\u00f3n Carhuancho orden\u00f3 disponer la captura nacional e internacional de Jaime Yoshiyama Tanaka, as\u00ed como su detenci\u00f3n preventiva por 36 meses.<\/span><\/strong><\/p>\n<p><span style=\"color: #000000;\"><strong>Lima, 23 de Noviembre 2018, (ANDINA).-<\/strong> El juez Richard Concepci\u00f3n Carhuancho orden\u00f3 disponer la captura nacional e internacional de Jaime Yoshiyama Tanaka, as\u00ed como su detenci\u00f3n preventiva por 36 meses.<\/span><\/p>\n<p><span style=\"color: #000000;\">Asimismo, al filo de la medianoche, el juez dict\u00f3 comparecencia con restricciones e impedimento de salida del pa\u00eds por 36 meses para Augusto Bedoya C\u00e1mere.<\/span><\/p>\n<p><span style=\"color: #000000;\">Tanto Yoshiyama Tanaka como Bedoya C\u00e1mere son investigados por la Fiscal\u00eda por el presunto delito de lavado de activos agravado cometido por la organizaci\u00f3n criminal enquistada en Fuerza 2011, hoy Fuerza Popular.<\/span><\/p>\n<p><span style=\"color: #000000;\">Est\u00e1n acusados de haber recibido cada uno US$ 5000,000 de la empresa Odebrecht, presuntamente de origen il\u00edcito, y de introducirlo en las cuentas del partido pol\u00edtico Fuerza 2011, para financiar la campa\u00f1a electoral de Keiko Fujimori.<\/span><\/p>\n<p><strong><span style=\"color: #000000;\">Yoshiyama<\/span><\/strong><\/p>\n<p><span style=\"color: #000000;\">En el caso de Jaime Yoshiyama Tanaka, Concepci\u00f3n asegur\u00f3 que est\u00e1 demostrado un grave peligro de fuga y una conducta manifiesta de obstaculizar la actividad probatoria y la acci\u00f3n de la justicia.<\/span><\/p>\n<p><span style=\"color: #000000;\">Subray\u00f3 que su permanencia en Estados Unidos demuestra que busca eludir a la justicia, pues si bien ha sido operado en ese pa\u00eds y cuenta con una cita m\u00e9dica para las pr\u00f3ximas semanas, esta solo es de seguimiento, por lo cual su ausencia del pa\u00eds no est\u00e1 justificada.<\/span><\/p>\n<p><span style=\"color: #000000;\">Adem\u00e1s, manifest\u00f3 que est\u00e1 probada la conducta de Yoshimaya de obstaculizar la justicia, porque intent\u00f3 ocultar y destruir pruebas durante la diligencia de allanamiento a su domicilio realizada por la Fiscal\u00eda.<\/span><\/p>\n<p><span style=\"color: #000000;\">Por ello, Concepci\u00f3n declar\u00f3 fundado el pedido de prisi\u00f3n preventiva por 36 meses y dispuso su captura nacional e internacional e internamiento en el centro penal correspondiente.<\/span><\/p>\n<p><span style=\"color: #000000;\">\u201cLa prisi\u00f3n preventiva deviene en indispensable para conjurar el riesgo en el proceso conforme se ha patentizado en la conducta de Yoshiyama de eludir a la justicia\u201d, manifest\u00f3 al sustentar su fallo.<\/span><\/p>\n<p><strong><span style=\"color: #000000;\">Bedoya<\/span><\/strong><\/p>\n<p><span style=\"color: #000000;\">Para Bedoya, Concepci\u00f3n orden\u00f3 36 meses de impedimento de salida del pa\u00eds, comparecencia con restricciones, as\u00ed como el pago de una cauci\u00f3n de S\/ 200,000 en treinta d\u00edas naturales.<\/span><\/p>\n<p><span style=\"color: #000000;\">Seg\u00fan explic\u00f3, en el caso de Bedoya no corresponde la prisi\u00f3n preventiva, pues su conducta a lo largo de la investigaci\u00f3n implica un \u201criesgo procesal m\u00ednimo\u201d.<\/span><\/p>\n<p><span style=\"color: #000000;\">Mencion\u00f3, por ejemplo, que, si bien presenta facilidades y recursos para salir del pa\u00eds, cuando ha viajado siempre retorn\u00f3.<\/span><\/p>\n<p><span style=\"color: #000000;\">Igualmente, sostuvo que presenta arraigo domiciliario, familiar y laboral, y que ha acudido a todas las citaciones de la Fiscal\u00eda para rendir su manifestaci\u00f3n.<\/span><\/p>\n<p><span style=\"color: #000000;\">En consecuencia, tras declarar infundado el pedido de prisi\u00f3n preventiva contra Bedoya, dict\u00f3 reglas de conductas severas, como firmar control cada 30 d\u00edas; justificar sus actividades; no comunicarse por cualquier medio, de manera directa o indirecta; con los investigados o testigos, y no ausentarse de la localidad sin previa autorizaci\u00f3n judicial.<\/span><\/p>\n<p><span style=\"color: #000000;\">La representante del Ministerio P\u00fablico presente en la audiencia se declar\u00f3 conforme con la resoluci\u00f3n sobre Yoshiyama, pero anunci\u00f3 que apelar\u00e1 la resoluci\u00f3n respecto a Bedoya.<\/span><\/p>\n<p><span style=\"color: #000000;\">Por su parte, la defensa de Bedoya tambi\u00e9n expres\u00f3 conformidad con el pronunciamiento del juez, mientras que el abogado de Yoshiyama, Humberto Abanto, decidi\u00f3 sustentar en el acto su recurso de apelaci\u00f3n.<\/span><\/p>\n<p><span style=\"color: #000000;\">En la investigaci\u00f3n a Fuerza 2o11 por el presunto delito de lavado de activos agravado, el juez Concepci\u00f3n Carhuancho ha dictado prisi\u00f3n preventiva contra Keiko Fujimori, Ana Herz, Pier Figari, Vicente Silva Checa, Luis Mej\u00eda Lecca, Jaime Yoshiyama Tanaka, y Giancarlo Bertini.<\/span><\/p>\n<p><span style=\"color: #000000;\">En los casos de Carmela Paucar\u00e1, Augusto Bedoya y Jorge Yoshiyama Sasaki, la resoluci\u00f3n ha sido comparecencia con restricciones; mientras que para Adriana Tarazona, el juez dict\u00f3 arresto domiciliario.<\/span><\/p>\n","protected":false},"excerpt":{"rendered":"<p>El juez Richard Concepci\u00f3n Carhuancho orden\u00f3 disponer la captura nacional e internacional de Jaime Yoshiyama Tanaka, as\u00ed como su detenci\u00f3n preventiva por 36 meses. Lima, 23 de Noviembre 2018, (ANDINA).- El juez Richard Concepci\u00f3n Carhuancho orden\u00f3 disponer la captura nacional e internacional de Jaime Yoshiyama Tanaka, as\u00ed como su detenci\u00f3n preventiva por 36 meses. Asimismo, [&hellip;]<\/p>\n","protected":false},"author":1,"featured_media":38309,"comment_status":"open","ping_status":"open","sticky":false,"template":"","format":"standard","meta":{"rop_custom_images_group":[],"rop_custom_messages_group":[],"rop_publish_now":"initial","rop_publish_now_accounts":[],"rop_publish_now_history":[],"rop_publish_now_status":"pending","footnotes":""},"categories":[5],"tags":[2870,2869,297],"class_list":["post-38307","post","type-post","status-publish","format-standard","has-post-thumbnail","hentry","category-actualidad-informativa","tag-augusto-bedoya","tag-jaime-yoshiyama","tag-richard-concepcion-carhuancho"],"_links":{"self":[{"href":"https:\/\/elinformanteperu.com\/index.php\/wp-json\/wp\/v2\/posts\/38307","targetHints":{"allow":["GET"]}}],"collection":[{"href":"https:\/\/elinformanteperu.com\/index.php\/wp-json\/wp\/v2\/posts"}],"about":[{"href":"https:\/\/elinformanteperu.com\/index.php\/wp-json\/wp\/v2\/types\/post"}],"author":[{"embeddable":true,"href":"https:\/\/elinformanteperu.com\/index.php\/wp-json\/wp\/v2\/users\/1"}],"replies":[{"embeddable":true,"href":"https:\/\/elinformanteperu.com\/index.php\/wp-json\/wp\/v2\/comments?post=38307"}],"version-history":[{"count":1,"href":"https:\/\/elinformanteperu.com\/index.php\/wp-json\/wp\/v2\/posts\/38307\/revisions"}],"predecessor-version":[{"id":38310,"href":"https:\/\/elinformanteperu.com\/index.php\/wp-json\/wp\/v2\/posts\/38307\/revisions\/38310"}],"wp:featuredmedia":[{"embeddable":true,"href":"https:\/\/elinformanteperu.com\/index.php\/wp-json\/wp\/v2\/media\/38309"}],"wp:attachment":[{"href":"https:\/\/elinformanteperu.com\/index.php\/wp-json\/wp\/v2\/media?parent=38307"}],"wp:term":[{"taxonomy":"category","embeddable":true,"href":"https:\/\/elinformanteperu.com\/index.php\/wp-json\/wp\/v2\/categories?post=38307"},{"taxonomy":"post_tag","embeddable":true,"href":"https:\/\/elinformanteperu.com\/index.php\/wp-json\/wp\/v2\/tags?post=38307"}],"curies":[{"name":"wp","href":"https:\/\/api.w.org\/{rel}","templated":true}]}}