{"id":38304,"date":"2018-11-24T10:47:31","date_gmt":"2018-11-24T15:47:31","guid":{"rendered":"http:\/\/elinformanteperu.com\/?p=38304"},"modified":"2018-11-24T10:47:31","modified_gmt":"2018-11-24T15:47:31","slug":"defensoria-insta-a-cesar-manifestaciones-cerca-a-embajada-de-uruguay","status":"publish","type":"post","link":"https:\/\/elinformanteperu.com\/index.php\/2018\/11\/24\/defensoria-insta-a-cesar-manifestaciones-cerca-a-embajada-de-uruguay\/","title":{"rendered":"Defensor\u00eda insta a cesar manifestaciones cerca a embajada de Uruguay"},"content":{"rendered":"<p><strong><span style=\"color: #000000;\">La Defensor\u00eda del Pueblo inst\u00f3 a la ciudadan\u00eda y a las organizaciones civiles a cesar las manifestaciones en zonas aleda\u00f1as a la residencia del embajador de Uruguay en Lima.<\/span><\/strong><\/p>\n<p><span style=\"color: #000000;\"><strong>Lima, 23 de Noviembre 2018, (ANDINA).-<\/strong> La Defensor\u00eda del Pueblo inst\u00f3 a la ciudadan\u00eda y a las organizaciones civiles y pol\u00edticas a cesar las manifestaciones en zonas aleda\u00f1as a la residencia del embajador de Uruguay en Lima.<\/span><\/p>\n<p><span style=\"color: #000000;\">Dicha invocaci\u00f3n fue formulada a prop\u00f3sito de los recientes acontecimientos de alteraci\u00f3n del orden p\u00fablico registrados en esa zona de la capital debido al ingreso del expresidente Alan Garc\u00eda a la residencia del embajador uruguayo para solicitar asilo diplom\u00e1tico.<\/span><\/p>\n<p><span style=\"color: #000000;\">Seg\u00fan esta entidad, las manifestaciones ciudadanas deben cesar a fin de permitir la adecuada labor de las autoridades competentes.<\/span><\/p>\n<p><span style=\"color: #000000;\">\u201cUn clima de respeto y tranquilidad constituye prueba del pleno ejercicio de las libertades democr\u00e1ticas en el pa\u00eds, siendo a su vez condici\u00f3n indispensable para sostener que en el Per\u00fa se ejerce de forma independiente la funci\u00f3n jurisdiccional\u201d, se\u00f1ala un pronunciamiento de esta instituci\u00f3n.<\/span><\/p>\n<p><span style=\"color: #000000;\">Recuerda, adem\u00e1s, que el intercambio de ideas y el derecho a manifestarse sobre los asuntos de relevancia p\u00fablica, puede realizarse de toda forma y lugar permitido por la Constituci\u00f3n siempre bajo un clima de respeto a las personas e instituciones p\u00fablicas.<\/span><\/p>\n<p><span style=\"color: #000000;\">\u201cEn merito a lo mencionado, invocamos a la ciudadan\u00eda a evitar las manifestaciones en zonas aleda\u00f1as a la residencia del Embajador de Uruguay, con ello contribuiremos a consolidar la imagen del Per\u00fa como pa\u00eds respetuoso de las libertades y derechos humanos\u201d, manifest\u00f3.<\/span><\/p>\n","protected":false},"excerpt":{"rendered":"<p>La Defensor\u00eda del Pueblo inst\u00f3 a la ciudadan\u00eda y a las organizaciones civiles a cesar las manifestaciones en zonas aleda\u00f1as a la residencia del embajador de Uruguay en Lima. Lima, 23 de Noviembre 2018, (ANDINA).- La Defensor\u00eda del Pueblo inst\u00f3 a la ciudadan\u00eda y a las organizaciones civiles y pol\u00edticas a cesar las manifestaciones en [&hellip;]<\/p>\n","protected":false},"author":1,"featured_media":7592,"comment_status":"open","ping_status":"open","sticky":false,"template":"","format":"standard","meta":{"rop_custom_images_group":[],"rop_custom_messages_group":[],"rop_publish_now":"initial","rop_publish_now_accounts":[],"rop_publish_now_history":[],"rop_publish_now_status":"pending","footnotes":""},"categories":[5],"tags":[854,428,174],"class_list":["post-38304","post","type-post","status-publish","format-standard","has-post-thumbnail","hentry","category-actualidad-informativa","tag-alan-garcia","tag-defensoria-del-pueblo","tag-uruguay"],"_links":{"self":[{"href":"https:\/\/elinformanteperu.com\/index.php\/wp-json\/wp\/v2\/posts\/38304","targetHints":{"allow":["GET"]}}],"collection":[{"href":"https:\/\/elinformanteperu.com\/index.php\/wp-json\/wp\/v2\/posts"}],"about":[{"href":"https:\/\/elinformanteperu.com\/index.php\/wp-json\/wp\/v2\/types\/post"}],"author":[{"embeddable":true,"href":"https:\/\/elinformanteperu.com\/index.php\/wp-json\/wp\/v2\/users\/1"}],"replies":[{"embeddable":true,"href":"https:\/\/elinformanteperu.com\/index.php\/wp-json\/wp\/v2\/comments?post=38304"}],"version-history":[{"count":1,"href":"https:\/\/elinformanteperu.com\/index.php\/wp-json\/wp\/v2\/posts\/38304\/revisions"}],"predecessor-version":[{"id":38306,"href":"https:\/\/elinformanteperu.com\/index.php\/wp-json\/wp\/v2\/posts\/38304\/revisions\/38306"}],"wp:featuredmedia":[{"embeddable":true,"href":"https:\/\/elinformanteperu.com\/index.php\/wp-json\/wp\/v2\/media\/7592"}],"wp:attachment":[{"href":"https:\/\/elinformanteperu.com\/index.php\/wp-json\/wp\/v2\/media?parent=38304"}],"wp:term":[{"taxonomy":"category","embeddable":true,"href":"https:\/\/elinformanteperu.com\/index.php\/wp-json\/wp\/v2\/categories?post=38304"},{"taxonomy":"post_tag","embeddable":true,"href":"https:\/\/elinformanteperu.com\/index.php\/wp-json\/wp\/v2\/tags?post=38304"}],"curies":[{"name":"wp","href":"https:\/\/api.w.org\/{rel}","templated":true}]}}