{"id":38286,"date":"2018-11-24T10:29:01","date_gmt":"2018-11-24T15:29:01","guid":{"rendered":"http:\/\/elinformanteperu.com\/?p=38286"},"modified":"2018-11-24T10:29:01","modified_gmt":"2018-11-24T15:29:01","slug":"el-mtc-suspendio-operaciones-de-lc-peru","status":"publish","type":"post","link":"https:\/\/elinformanteperu.com\/index.php\/2018\/11\/24\/el-mtc-suspendio-operaciones-de-lc-peru\/","title":{"rendered":"El MTC suspendi\u00f3 operaciones de LC Per\u00fa"},"content":{"rendered":"<p><strong><span style=\"color: #000000;\">El Ministerio de Transportes mediante la Direcci\u00f3n General de Aeron\u00e1utica Civil, a partir de la fecha, dispuso la suspensi\u00f3n de las operaciones de la empresa LC Per\u00fa<\/span><\/strong><\/p>\n<p><span style=\"color: #000000;\"><strong>Lima, 23 de Noviembre 2018, (ANDINA).<\/strong>&#8211; El Ministerio de Transportes y Comunicaciones (MTC), mediante la Direcci\u00f3n General de Aeron\u00e1utica Civil (DGAC), a partir de la fecha, dispuso la suspensi\u00f3n de las operaciones de la empresa LC Per\u00fa.<\/span><\/p>\n<p><span style=\"color: #000000;\">En un comunicado, el MTC precisa que la medida obedece a la finalizaci\u00f3n de la p\u00f3liza de seguros de aviaci\u00f3n que garantiza sus operaciones, seg\u00fan la compa\u00f1\u00eda de Seguros R\u00edmac.<\/span><\/p>\n<p><span style=\"color: #000000;\">\u201cSe exhort\u00f3 a la empresa LC Per\u00fa para que cumpla en regularizar la vigencia de la p\u00f3liza con las coberturas establecidas por Ley. Adem\u00e1s, que se otorgue la debida y oportuna protecci\u00f3n a los pasajeros, con otros operadores, a fin de evitar se les cause perjuicio\u201d, precis\u00f3.<\/span><\/p>\n","protected":false},"excerpt":{"rendered":"<p>El Ministerio de Transportes mediante la Direcci\u00f3n General de Aeron\u00e1utica Civil, a partir de la fecha, dispuso la suspensi\u00f3n de las operaciones de la empresa LC Per\u00fa Lima, 23 de Noviembre 2018, (ANDINA).&#8211; El Ministerio de Transportes y Comunicaciones (MTC), mediante la Direcci\u00f3n General de Aeron\u00e1utica Civil (DGAC), a partir de la fecha, dispuso la [&hellip;]<\/p>\n","protected":false},"author":1,"featured_media":38288,"comment_status":"open","ping_status":"open","sticky":false,"template":"","format":"standard","meta":{"rop_custom_images_group":[],"rop_custom_messages_group":[],"rop_publish_now":"initial","rop_publish_now_accounts":[],"rop_publish_now_history":[],"rop_publish_now_status":"pending","footnotes":""},"categories":[10],"tags":[317],"class_list":["post-38286","post","type-post","status-publish","format-standard","has-post-thumbnail","hentry","category-actualidad-municipal","tag-mtc"],"_links":{"self":[{"href":"https:\/\/elinformanteperu.com\/index.php\/wp-json\/wp\/v2\/posts\/38286","targetHints":{"allow":["GET"]}}],"collection":[{"href":"https:\/\/elinformanteperu.com\/index.php\/wp-json\/wp\/v2\/posts"}],"about":[{"href":"https:\/\/elinformanteperu.com\/index.php\/wp-json\/wp\/v2\/types\/post"}],"author":[{"embeddable":true,"href":"https:\/\/elinformanteperu.com\/index.php\/wp-json\/wp\/v2\/users\/1"}],"replies":[{"embeddable":true,"href":"https:\/\/elinformanteperu.com\/index.php\/wp-json\/wp\/v2\/comments?post=38286"}],"version-history":[{"count":1,"href":"https:\/\/elinformanteperu.com\/index.php\/wp-json\/wp\/v2\/posts\/38286\/revisions"}],"predecessor-version":[{"id":38289,"href":"https:\/\/elinformanteperu.com\/index.php\/wp-json\/wp\/v2\/posts\/38286\/revisions\/38289"}],"wp:featuredmedia":[{"embeddable":true,"href":"https:\/\/elinformanteperu.com\/index.php\/wp-json\/wp\/v2\/media\/38288"}],"wp:attachment":[{"href":"https:\/\/elinformanteperu.com\/index.php\/wp-json\/wp\/v2\/media?parent=38286"}],"wp:term":[{"taxonomy":"category","embeddable":true,"href":"https:\/\/elinformanteperu.com\/index.php\/wp-json\/wp\/v2\/categories?post=38286"},{"taxonomy":"post_tag","embeddable":true,"href":"https:\/\/elinformanteperu.com\/index.php\/wp-json\/wp\/v2\/tags?post=38286"}],"curies":[{"name":"wp","href":"https:\/\/api.w.org\/{rel}","templated":true}]}}