{"id":38278,"date":"2018-11-24T10:17:30","date_gmt":"2018-11-24T15:17:30","guid":{"rendered":"http:\/\/elinformanteperu.com\/?p=38278"},"modified":"2018-11-24T10:17:30","modified_gmt":"2018-11-24T15:17:30","slug":"migracion-venezolana-continua-al-alza-en-colombia-ecuador-y-peru","status":"publish","type":"post","link":"https:\/\/elinformanteperu.com\/index.php\/2018\/11\/24\/migracion-venezolana-continua-al-alza-en-colombia-ecuador-y-peru\/","title":{"rendered":"Migraci\u00f3n venezolana contin\u00faa al alza en Colombia, Ecuador y Per\u00fa"},"content":{"rendered":"<p><strong><span style=\"color: #000000;\">El flujo migratorio de venezolanos contin\u00faa increment\u00e1ndose en Colombia, Ecuador y Per\u00fa y a\u00fan no se avizora un declive de este fen\u00f3meno en el corto plazo.<\/span><\/strong><\/p>\n<p><span style=\"color: #000000;\"><strong>Lima, 24 de Noviembre 2018, (ANDINA).-<\/strong> El flujo migratorio de venezolanos contin\u00faa increment\u00e1ndose en Colombia, Ecuador y Per\u00fa y a\u00fan no se avizora un declive de este fen\u00f3meno en el corto plazo, coincidieron hoy las autoridades migratorias de esos pa\u00edses, durante la VIII Reuni\u00f3n Iberoamericana de Autoridades Migratorias (RIAM), inaugurada ayer en Lima.<\/span><\/p>\n<p><span style=\"color: #000000;\">Winston Mart\u00ednez, asesor de Migraci\u00f3n Colombia, estim\u00f3 que hay un mill\u00f3n 150 mil ciudadanos venezolanos en ese pa\u00eds, de los cuales 550 mil cuentan con el Permiso Especial de Permanencia (PEP), un documento que regulariza su estatus migratorio y les otorga ciertos beneficios.<\/span><\/p>\n<p><span style=\"color: #000000;\">\u201cA diario ingresan en promedio unos 30 mil venezolanos a Colombia con la Tarjeta de Movilidad Fronteriza, que les permite una estancia de siete d\u00edas en territorios lim\u00edtrofes. No obstante, el promedio de salida es 27 mil, personas, es decir, unos tres mil deciden quedarse\u201d, manifest\u00f3.<\/span><\/p>\n<p><span style=\"color: #000000;\">El funcionario explic\u00f3 que hay m\u00e1s de 300 mil ciudadanos venezolanos que se encuentran en pleno proceso de regularizaci\u00f3n migratoria. Sin embargo, lament\u00f3 que otros 250 mil a\u00fan no hayan iniciado ning\u00fan tipo de tr\u00e1mite.<\/span><\/p>\n<p><span style=\"color: #000000;\">Por su parte, Roxana Del \u00c1guila Tuesta, superintendente nacional de Migraciones (e) Per\u00fa, inform\u00f3 que unos 600 mil ciudadanos venezolanos se encuentran en Per\u00fa, y el 80% de ellos ingres\u00f3 al territorio nacional durante el presente a\u00f1o.<\/span><\/p>\n<p><span style=\"color: #000000;\">Se\u00f1al\u00f3 que, a la fecha, el proceso de regularizaci\u00f3n a trav\u00e9s del Permiso Temporal de Permanencia (PTP) ha permitido formalizar a m\u00e1s de 140 mil venezolanos; otros 200 mil est\u00e1n pr\u00f3ximos a obtener ese documento y unos 50 mil tienen citas para realizar el tr\u00e1mite, que puede realizarse hasta el 31 de diciembre del 2018.<\/span><\/p>\n<p><span style=\"color: #000000;\">La funcionaria explic\u00f3 que, si bien este flujo migratorio que se observa en la regi\u00f3n representa un desaf\u00edo para los Estados, tambi\u00e9n puede ser una gran oportunidad si, mediante una adecuada pol\u00edtica migratoria interna, se incorpora a los migrantes de una manera provechosa a la sociedad.<\/span><\/p>\n<p><span style=\"color: #000000;\">En tanto, Galo Navarrete, director de Servicios Migratorios del Ministerio del Interior de Ecuador, mencion\u00f3 que en su pa\u00eds hay alrededor de 240 mil venezolanos como saldo migratorio.<\/span><\/p>\n<p><span style=\"color: #000000;\">Sin embargo, este importante n\u00famero ya est\u00e1 llegando a cumplir su plazo de permanencia en su pa\u00eds como turista y deben empezar su regularizaci\u00f3n.<\/span><\/p>\n<p><span style=\"color: #000000;\">Se\u00f1al\u00f3 que en el 2018 ingresaron 800 mil venezolanos a su territorio de los cuales 700 mil lo hicieron solo como tr\u00e1nsito hacia otros pa\u00edses del sur del continente como Per\u00fa, Chile o Argentina.<\/span><\/p>\n<p><span style=\"color: #000000;\">Los tres funcionarios coincidieron en que la migraci\u00f3n venezolana es un fen\u00f3meno regional ante el cual las autoridades migratorias deben colaborar, intercambiando informaci\u00f3n y avanzando en la implementaci\u00f3n de mecanismos de interoperabilidad.<\/span><\/p>\n<p><span style=\"color: #000000;\">La reuni\u00f3n de la Red Iberoamericana de Autoridades Migratorias (RIAM) se realiza en Lima hasta este s\u00e1bado 24 de noviembre, para tratar sobre la pol\u00edtica migratoria interna y la interoperabilidad, como mecanismo de integraci\u00f3n regional.<\/span><\/p>\n","protected":false},"excerpt":{"rendered":"<p>El flujo migratorio de venezolanos contin\u00faa increment\u00e1ndose en Colombia, Ecuador y Per\u00fa y a\u00fan no se avizora un declive de este fen\u00f3meno en el corto plazo. Lima, 24 de Noviembre 2018, (ANDINA).- El flujo migratorio de venezolanos contin\u00faa increment\u00e1ndose en Colombia, Ecuador y Per\u00fa y a\u00fan no se avizora un declive de este fen\u00f3meno en [&hellip;]<\/p>\n","protected":false},"author":1,"featured_media":38280,"comment_status":"open","ping_status":"open","sticky":false,"template":"","format":"standard","meta":{"rop_custom_images_group":[],"rop_custom_messages_group":[],"rop_publish_now":"initial","rop_publish_now_accounts":[],"rop_publish_now_history":[],"rop_publish_now_status":"pending","footnotes":""},"categories":[10],"tags":[569,2198,3798],"class_list":["post-38278","post","type-post","status-publish","format-standard","has-post-thumbnail","hentry","category-actualidad-municipal","tag-migraciones","tag-superintendencia-nacional-de-migraciones","tag-venezolanos-en-el-peru"],"_links":{"self":[{"href":"https:\/\/elinformanteperu.com\/index.php\/wp-json\/wp\/v2\/posts\/38278","targetHints":{"allow":["GET"]}}],"collection":[{"href":"https:\/\/elinformanteperu.com\/index.php\/wp-json\/wp\/v2\/posts"}],"about":[{"href":"https:\/\/elinformanteperu.com\/index.php\/wp-json\/wp\/v2\/types\/post"}],"author":[{"embeddable":true,"href":"https:\/\/elinformanteperu.com\/index.php\/wp-json\/wp\/v2\/users\/1"}],"replies":[{"embeddable":true,"href":"https:\/\/elinformanteperu.com\/index.php\/wp-json\/wp\/v2\/comments?post=38278"}],"version-history":[{"count":1,"href":"https:\/\/elinformanteperu.com\/index.php\/wp-json\/wp\/v2\/posts\/38278\/revisions"}],"predecessor-version":[{"id":38281,"href":"https:\/\/elinformanteperu.com\/index.php\/wp-json\/wp\/v2\/posts\/38278\/revisions\/38281"}],"wp:featuredmedia":[{"embeddable":true,"href":"https:\/\/elinformanteperu.com\/index.php\/wp-json\/wp\/v2\/media\/38280"}],"wp:attachment":[{"href":"https:\/\/elinformanteperu.com\/index.php\/wp-json\/wp\/v2\/media?parent=38278"}],"wp:term":[{"taxonomy":"category","embeddable":true,"href":"https:\/\/elinformanteperu.com\/index.php\/wp-json\/wp\/v2\/categories?post=38278"},{"taxonomy":"post_tag","embeddable":true,"href":"https:\/\/elinformanteperu.com\/index.php\/wp-json\/wp\/v2\/tags?post=38278"}],"curies":[{"name":"wp","href":"https:\/\/api.w.org\/{rel}","templated":true}]}}