{"id":38258,"date":"2018-11-24T09:57:30","date_gmt":"2018-11-24T14:57:30","guid":{"rendered":"http:\/\/elinformanteperu.com\/?p=38258"},"modified":"2018-11-24T09:57:30","modified_gmt":"2018-11-24T14:57:30","slug":"mitos-y-verdades-sobre-la-violencia-contra-mujer","status":"publish","type":"post","link":"https:\/\/elinformanteperu.com\/index.php\/2018\/11\/24\/mitos-y-verdades-sobre-la-violencia-contra-mujer\/","title":{"rendered":"Mitos y verdades sobre la violencia contra mujer"},"content":{"rendered":"<p><span style=\"color: #000000;\"><strong>Este 25 de noviembre es el D\u00eda de la Eliminaci\u00f3n de la Violencia contra la Mujer y en el marco de esta conmemoraci\u00f3n se han tejido una serie de ideas.<\/strong><\/span><\/p>\n<p><span style=\"color: #000000;\"><strong>Lima, 23 de Noviembre 2018, (ANDINA).-<\/strong> Este 25 de noviembre es el D\u00eda de la Eliminaci\u00f3n de la Violencia contra la Mujer y en el marco de esta conmemoraci\u00f3n se han tejido una serie de ideas que para muchos pueden ser ciertas, pero \u00bfser\u00e1 realmente as\u00ed? Por ello, los especialistas de Apropo han querido aclarar estos mitos sobre la violencia.<\/span><\/p>\n<p><span style=\"color: #000000;\"><strong>-Los hombres no pueden evitar la violencia, porque es parte de su naturaleza. Falso.<\/strong> La violencia no es parte de la naturaleza masculina, es m\u00e1s, no tiene nada que ver con el g\u00e9nero.<\/span><\/p>\n<p><span style=\"color: #000000;\">Sin embargo, algunos hombres reaccionan de manera violenta, porque forma parte de un aprendizaje social, que tiene como objetivo ejercer el poder, es decir, controlar a la mujer.<\/span><\/p>\n<p><span style=\"color: #000000;\"><strong>-Los hombres, tambi\u00e9n pueden sufrir violencia de parte de las mujeres. Verdadero.<\/strong> Los mandatos de g\u00e9nero masculinos en nuestra sociedad como: \u201cel hombre es fuerte\u201d, \u201ces quien golpea\u201d o \u201cnunca llora\u201d, ocultan esta realidad, donde muchos hombres se sienten incapaces de denunciar un hecho de violencia por el temor a ser se\u00f1alados o a ser cuestionados en su hombr\u00eda.<\/span><\/p>\n<p><span style=\"color: #000000;\"><strong>-La violencia es normal en la relaci\u00f3n de pareja. Falso.<\/strong> El conflicto es normal en todas las relaciones humanas; pero la mayor\u00eda de personas han aprendido a resolver los conflictos de manera violenta.<\/span><\/p>\n<p><span style=\"color: #000000;\">Asimismo, las relaciones de pareja deben construirse en un ambiente de respeto, comunicaci\u00f3n, empat\u00eda, libertad, afectividad y comprensi\u00f3n.<\/span><\/p>\n<p><span style=\"color: #000000;\"><strong>-Solo las mujeres pobres y sin educaci\u00f3n son violentadas por su pareja. Falso.<\/strong> Lamentablemente, la violencia contra la mujer no discrimina edad, nivel educativo ni socio econ\u00f3mico, ya que est\u00e1 presente en los diferentes estratos sociales.<\/span><\/p>\n<p><span style=\"color: #000000;\">Este es un mito que estigmatiza y oculta la violencia en mujeres con un mayor nivel de educaci\u00f3n y de ingresos econ\u00f3micos.<\/span><\/p>\n<p><span style=\"color: #000000;\"><strong>-A las mujeres les gusta el maltrato, de lo contrario ya hubieran abandonado a la pareja. Falso.<\/strong> No es que les guste mantenerse en una relaci\u00f3n as\u00ed. Estar inmersa en una situaci\u00f3n de violencia responde a un problema m\u00e1s complejo pues vivir esta realidad afecta varios aspectos de la vida.<\/span><\/p>\n<p><span style=\"color: #000000;\">Muchas mujeres no se alejan de sus agresores por dependencia emocional, econ\u00f3mica o por amenazas. La agresi\u00f3n llega a tal punto de lastimar su propia autoestima y autonom\u00eda, porque no son capaces de decidir por s\u00ed mismas.<\/span><\/p>\n<p><span style=\"color: #000000;\"><strong>-La violencia termina cuando la mujer queda embarazada. Falso.<\/strong> Un hijo no cambia al agresor, al contrario, puede agravarse esta situaci\u00f3n porque la dependencia y manipulaci\u00f3n puede ser m\u00e1s fuerte, no solo sobre ella sino tambi\u00e9n sobre su hijo.<\/span><\/p>\n<p><span style=\"color: #000000;\"><strong>-Los hombres son violentos, porque fueron maltratados en su ni\u00f1ez o adolescencia. Falso.<\/strong> La violencia es parte de un problema complejo, que puede darse cuando se ha vivido en un entorno familiar de violencia observando el maltrato del padre hacia la madre, sufri\u00f3 maltratos o, bullying, por no saber manejar emociones ni expresarlas.<\/span><\/p>\n<p><span style=\"color: #000000;\">Las crisis econ\u00f3micas, los momentos de conflictos tambi\u00e9n son otros detonantes que pueden convertir a una persona en violenta.<\/span><\/p>\n<p><span style=\"color: #000000;\"><strong>-La violencia es un problema de pareja y nadie debe intervenir. Falso.<\/strong> La violencia es un problema social, porque afecta a un ser humano: la mujer, y no se puede ignorar. Tambi\u00e9n porque afecta a la familia, a los hijos, por lo tanto, no se puede catalogar como un problema privado.<\/span><\/p>\n<p><span style=\"color: #000000;\"><strong>-El hombre violento puede cambiar por s\u00ed solo. Falso.<\/strong> Si realmente quiere cambiar, puede hacerlo; pero con la ayuda de especialistas que lo puedan ayudar en este proceso, siempre y cuando exista una verdadera motivaci\u00f3n, compromiso, y constancia en asistir a las terapias.<\/span><\/p>\n<p><span style=\"color: #000000;\">Existen hombres que piensan que pueden cambiar por s\u00ed solos, porque han pasado una crisis de abandono de la pareja; sin embargo, esta situaci\u00f3n puede generar mecanismos para violentar<\/span><\/p>\n<p><span style=\"color: #000000;\"><strong>-Insultar y descalificar es una forma de violencia. Verdadero.<\/strong> Muchas veces solo se relaciona la violencia con el maltrato f\u00edsico; pero existe otro tipo de maltrato: el psicol\u00f3gico, que consiste en descalificar, insultar, humillar, menospreciar a la v\u00edctima, lo cual afecta su autoestima.<\/span><\/p>\n<p><span style=\"color: #000000;\">Cualquier duda, llame al Servicio de Orientaci\u00f3n en Sexualidad de APROPO 204- 5300 (Lima) o al 0800-70-626 (llamada gratuita desde provincia). Adem\u00e1s, puede comunicarse v\u00eda Whatsapp al 987960760 de lunes a viernes de 8 a.m. a 7 p.m. y los s\u00e1bados de 8 a.m. a 5 p.m. O visite <a href=\"https:\/\/www.sexoseguro.pe\/\"><strong>esta p\u00e1gina web<\/strong><\/a>.<\/span><\/p>\n","protected":false},"excerpt":{"rendered":"<p>Este 25 de noviembre es el D\u00eda de la Eliminaci\u00f3n de la Violencia contra la Mujer y en el marco de esta conmemoraci\u00f3n se han tejido una serie de ideas. Lima, 23 de Noviembre 2018, (ANDINA).- Este 25 de noviembre es el D\u00eda de la Eliminaci\u00f3n de la Violencia contra la Mujer y en el [&hellip;]<\/p>\n","protected":false},"author":1,"featured_media":38260,"comment_status":"open","ping_status":"open","sticky":false,"template":"","format":"standard","meta":{"rop_custom_images_group":[],"rop_custom_messages_group":[],"rop_publish_now":"initial","rop_publish_now_accounts":[],"rop_publish_now_history":[],"rop_publish_now_status":"pending","footnotes":""},"categories":[10,21],"tags":[3855,310],"class_list":["post-38258","post","type-post","status-publish","format-standard","has-post-thumbnail","hentry","category-actualidad-municipal","category-orientacion","tag-apropo","tag-feminicidios"],"_links":{"self":[{"href":"https:\/\/elinformanteperu.com\/index.php\/wp-json\/wp\/v2\/posts\/38258","targetHints":{"allow":["GET"]}}],"collection":[{"href":"https:\/\/elinformanteperu.com\/index.php\/wp-json\/wp\/v2\/posts"}],"about":[{"href":"https:\/\/elinformanteperu.com\/index.php\/wp-json\/wp\/v2\/types\/post"}],"author":[{"embeddable":true,"href":"https:\/\/elinformanteperu.com\/index.php\/wp-json\/wp\/v2\/users\/1"}],"replies":[{"embeddable":true,"href":"https:\/\/elinformanteperu.com\/index.php\/wp-json\/wp\/v2\/comments?post=38258"}],"version-history":[{"count":1,"href":"https:\/\/elinformanteperu.com\/index.php\/wp-json\/wp\/v2\/posts\/38258\/revisions"}],"predecessor-version":[{"id":38261,"href":"https:\/\/elinformanteperu.com\/index.php\/wp-json\/wp\/v2\/posts\/38258\/revisions\/38261"}],"wp:featuredmedia":[{"embeddable":true,"href":"https:\/\/elinformanteperu.com\/index.php\/wp-json\/wp\/v2\/media\/38260"}],"wp:attachment":[{"href":"https:\/\/elinformanteperu.com\/index.php\/wp-json\/wp\/v2\/media?parent=38258"}],"wp:term":[{"taxonomy":"category","embeddable":true,"href":"https:\/\/elinformanteperu.com\/index.php\/wp-json\/wp\/v2\/categories?post=38258"},{"taxonomy":"post_tag","embeddable":true,"href":"https:\/\/elinformanteperu.com\/index.php\/wp-json\/wp\/v2\/tags?post=38258"}],"curies":[{"name":"wp","href":"https:\/\/api.w.org\/{rel}","templated":true}]}}