{"id":38187,"date":"2018-11-23T23:15:29","date_gmt":"2018-11-24T04:15:29","guid":{"rendered":"http:\/\/elinformanteperu.com\/?p=38187"},"modified":"2018-11-23T23:15:29","modified_gmt":"2018-11-24T04:15:29","slug":"lanzan-teaser-de-la-cinta-nacional-de-terror-sahara-hellen-la-maldicion-del-vampiro","status":"publish","type":"post","link":"https:\/\/elinformanteperu.com\/index.php\/2018\/11\/23\/lanzan-teaser-de-la-cinta-nacional-de-terror-sahara-hellen-la-maldicion-del-vampiro\/","title":{"rendered":"Lanzan teaser de la cinta nacional de terror: Sahara Hellen, la maldici\u00f3n del vampiro"},"content":{"rendered":"<p><strong><span style=\"color: #000000;\">Se dio a conocer el primer avance oficial de Sahara Hellen, nueva pel\u00edcula de terror nacional que estar\u00eda basada en la leyenda de Sarah Ellen, la mujer enterrada en Pisco.<\/span><\/strong><\/p>\n<p><span style=\"color: #000000;\"><strong>Lima, 23 de Noviembre 2018, (El Informante Per\u00fa).-<\/strong> Se dio a conocer el primer avance oficial de Sahara Hellen, nueva pel\u00edcula de terror nacional que estar\u00eda basada en la leyenda de Sarah Ellen, la supuesta mujer vampiro enterrada en Pisco.<\/span><\/p>\n<p><img fetchpriority=\"high\" decoding=\"async\" class=\"aligncenter  wp-image-38191\" src=\"http:\/\/elinformanteperu.com\/wp-content\/uploads\/2018\/11\/sahara-helen.jpg\" alt=\"\" width=\"413\" height=\"531\" srcset=\"https:\/\/elinformanteperu.com\/wp-content\/uploads\/2018\/11\/sahara-helen.jpg 622w, https:\/\/elinformanteperu.com\/wp-content\/uploads\/2018\/11\/sahara-helen-233x300.jpg 233w, https:\/\/elinformanteperu.com\/wp-content\/uploads\/2018\/11\/sahara-helen-100x128.jpg 100w, https:\/\/elinformanteperu.com\/wp-content\/uploads\/2018\/11\/sahara-helen-25x32.jpg 25w\" sizes=\"(max-width: 413px) 100vw, 413px\" \/><\/p>\n<p><span style=\"color: #000000;\">La cinta de terror que termin\u00f3 de rodarse este a\u00f1o, cuenta la historia de Hellen, una mujer que despu\u00e9s de 100 a\u00f1os, regresa de la muerte para cobrar venganza y hacer realidad la maldici\u00f3n contra todo aquel que se burl\u00f3 de ella.<\/span><\/p>\n<p><span style=\"color: #000000;\">El estreno de esta pel\u00edcula est\u00e1 programado para marzo del 2019. La cinta est\u00e1 protagonizado por Sergio Galliani, Connie Chaparro, \u00d3scar Lopez Arias, Lucecita Cevallos, Olga Zumar\u00e1n y Havier Arboleda. Dirige Roger Asto Le\u00f3n, el mismo de \u00abReshinn, Sangre de Anaconda\u00bb.<\/span><\/p>\n<p><iframe title=\"TEASER TR\u00c1ILER | SAHARA HELLEN\" width=\"615\" height=\"346\" src=\"https:\/\/www.youtube.com\/embed\/bsnb3KLTl6s?feature=oembed\" frameborder=\"0\" allow=\"accelerometer; autoplay; clipboard-write; encrypted-media; gyroscope; picture-in-picture; web-share\" referrerpolicy=\"strict-origin-when-cross-origin\" allowfullscreen><\/iframe><\/p>\n","protected":false},"excerpt":{"rendered":"<p>Se dio a conocer el primer avance oficial de Sahara Hellen, nueva pel\u00edcula de terror nacional que estar\u00eda basada en la leyenda de Sarah Ellen, la mujer enterrada en Pisco. Lima, 23 de Noviembre 2018, (El Informante Per\u00fa).- Se dio a conocer el primer avance oficial de Sahara Hellen, nueva pel\u00edcula de terror nacional que [&hellip;]<\/p>\n","protected":false},"author":1,"featured_media":38190,"comment_status":"open","ping_status":"open","sticky":false,"template":"","format":"standard","meta":{"rop_custom_images_group":[],"rop_custom_messages_group":[],"rop_publish_now":"initial","rop_publish_now_accounts":[],"rop_publish_now_history":[],"rop_publish_now_status":"pending","footnotes":""},"categories":[7],"tags":[2874,3848],"class_list":["post-38187","post","type-post","status-publish","format-standard","has-post-thumbnail","hentry","category-butaca","tag-andes-films-peru","tag-sahara-hellen-la-maldicion-del-vampiro"],"_links":{"self":[{"href":"https:\/\/elinformanteperu.com\/index.php\/wp-json\/wp\/v2\/posts\/38187","targetHints":{"allow":["GET"]}}],"collection":[{"href":"https:\/\/elinformanteperu.com\/index.php\/wp-json\/wp\/v2\/posts"}],"about":[{"href":"https:\/\/elinformanteperu.com\/index.php\/wp-json\/wp\/v2\/types\/post"}],"author":[{"embeddable":true,"href":"https:\/\/elinformanteperu.com\/index.php\/wp-json\/wp\/v2\/users\/1"}],"replies":[{"embeddable":true,"href":"https:\/\/elinformanteperu.com\/index.php\/wp-json\/wp\/v2\/comments?post=38187"}],"version-history":[{"count":1,"href":"https:\/\/elinformanteperu.com\/index.php\/wp-json\/wp\/v2\/posts\/38187\/revisions"}],"predecessor-version":[{"id":38192,"href":"https:\/\/elinformanteperu.com\/index.php\/wp-json\/wp\/v2\/posts\/38187\/revisions\/38192"}],"wp:featuredmedia":[{"embeddable":true,"href":"https:\/\/elinformanteperu.com\/index.php\/wp-json\/wp\/v2\/media\/38190"}],"wp:attachment":[{"href":"https:\/\/elinformanteperu.com\/index.php\/wp-json\/wp\/v2\/media?parent=38187"}],"wp:term":[{"taxonomy":"category","embeddable":true,"href":"https:\/\/elinformanteperu.com\/index.php\/wp-json\/wp\/v2\/categories?post=38187"},{"taxonomy":"post_tag","embeddable":true,"href":"https:\/\/elinformanteperu.com\/index.php\/wp-json\/wp\/v2\/tags?post=38187"}],"curies":[{"name":"wp","href":"https:\/\/api.w.org\/{rel}","templated":true}]}}