{"id":38160,"date":"2018-11-23T20:21:17","date_gmt":"2018-11-24T01:21:17","guid":{"rendered":"http:\/\/elinformanteperu.com\/?p=38160"},"modified":"2018-11-23T20:21:17","modified_gmt":"2018-11-24T01:21:17","slug":"asi-graba-ramon-garcia-the-young-pope-en-italia","status":"publish","type":"post","link":"https:\/\/elinformanteperu.com\/index.php\/2018\/11\/23\/asi-graba-ramon-garcia-the-young-pope-en-italia\/","title":{"rendered":"As\u00ed graba Ram\u00f3n Garc\u00eda The Young Pope en Italia"},"content":{"rendered":"<p><strong><span style=\"color: #000000;\">El actor peruano Ram\u00f3n Garc\u00eda se mantiene grabando la serie para HBO The Young Pope y no dud\u00f3 en compartir vistas de su trabajo y videos de la grabaci\u00f3n.<\/span><\/strong><\/p>\n<p><span style=\"color: #000000;\"><strong>Lima, 23 de Noviembre 2018, (ANDINA).-<\/strong> El actor peruano Ram\u00f3n Garc\u00eda se mantiene grabando la serie para HBO The Young Pope y no dud\u00f3 en compartir vistas de su trabajo y videos de los momentos de la grabaci\u00f3n.<\/span><\/p>\n<p><span style=\"color: #000000;\">Ram\u00f3n tambi\u00e9n se dio tiempo para visitar la embajada peruana en Italia y visitar a amigos peruanos.<\/span><\/p>\n<p><img fetchpriority=\"high\" decoding=\"async\" class=\"aligncenter  wp-image-38163\" src=\"http:\/\/elinformanteperu.com\/wp-content\/uploads\/2018\/11\/Ram\u00f3n-Garc\u00eda-The-Young-Pope-1.jpg\" alt=\"\" width=\"428\" height=\"428\" srcset=\"https:\/\/elinformanteperu.com\/wp-content\/uploads\/2018\/11\/Ram\u00f3n-Garc\u00eda-The-Young-Pope-1.jpg 1800w, https:\/\/elinformanteperu.com\/wp-content\/uploads\/2018\/11\/Ram\u00f3n-Garc\u00eda-The-Young-Pope-1-150x150.jpg 150w, https:\/\/elinformanteperu.com\/wp-content\/uploads\/2018\/11\/Ram\u00f3n-Garc\u00eda-The-Young-Pope-1-300x300.jpg 300w, https:\/\/elinformanteperu.com\/wp-content\/uploads\/2018\/11\/Ram\u00f3n-Garc\u00eda-The-Young-Pope-1-768x768.jpg 768w, https:\/\/elinformanteperu.com\/wp-content\/uploads\/2018\/11\/Ram\u00f3n-Garc\u00eda-The-Young-Pope-1-1024x1024.jpg 1024w, https:\/\/elinformanteperu.com\/wp-content\/uploads\/2018\/11\/Ram\u00f3n-Garc\u00eda-The-Young-Pope-1-128x128.jpg 128w, https:\/\/elinformanteperu.com\/wp-content\/uploads\/2018\/11\/Ram\u00f3n-Garc\u00eda-The-Young-Pope-1-32x32.jpg 32w, https:\/\/elinformanteperu.com\/wp-content\/uploads\/2018\/11\/Ram\u00f3n-Garc\u00eda-The-Young-Pope-1-60x60.jpg 60w, https:\/\/elinformanteperu.com\/wp-content\/uploads\/2018\/11\/Ram\u00f3n-Garc\u00eda-The-Young-Pope-1-50x50.jpg 50w\" sizes=\"(max-width: 428px) 100vw, 428px\" \/><\/p>\n<p><span style=\"color: #000000;\">El actor es la segunda vez que va al Viejo Continente para dar su arte en una producci\u00f3n de alt\u00edsimo nivel.<\/span><\/p>\n<p><span style=\"color: #000000;\">Ram\u00f3n tambi\u00e9n se dio tiempo para visitar diversos monumentos hist\u00f3ricos de Italia.<\/span><\/p>\n<p><span style=\"color: #000000;\">Nuestro primer actor en esta oportunidad vuelve a encarnar a un religioso latinoamericano.<\/span><\/p>\n<p><img decoding=\"async\" class=\"aligncenter  wp-image-38164\" src=\"http:\/\/elinformanteperu.com\/wp-content\/uploads\/2018\/11\/Ram\u00f3n-Garc\u00eda-The-Young-Pope.jpg\" alt=\"\" width=\"400\" height=\"400\" srcset=\"https:\/\/elinformanteperu.com\/wp-content\/uploads\/2018\/11\/Ram\u00f3n-Garc\u00eda-The-Young-Pope.jpg 1800w, https:\/\/elinformanteperu.com\/wp-content\/uploads\/2018\/11\/Ram\u00f3n-Garc\u00eda-The-Young-Pope-150x150.jpg 150w, https:\/\/elinformanteperu.com\/wp-content\/uploads\/2018\/11\/Ram\u00f3n-Garc\u00eda-The-Young-Pope-300x300.jpg 300w, https:\/\/elinformanteperu.com\/wp-content\/uploads\/2018\/11\/Ram\u00f3n-Garc\u00eda-The-Young-Pope-768x768.jpg 768w, https:\/\/elinformanteperu.com\/wp-content\/uploads\/2018\/11\/Ram\u00f3n-Garc\u00eda-The-Young-Pope-1024x1024.jpg 1024w, https:\/\/elinformanteperu.com\/wp-content\/uploads\/2018\/11\/Ram\u00f3n-Garc\u00eda-The-Young-Pope-128x128.jpg 128w, https:\/\/elinformanteperu.com\/wp-content\/uploads\/2018\/11\/Ram\u00f3n-Garc\u00eda-The-Young-Pope-32x32.jpg 32w, https:\/\/elinformanteperu.com\/wp-content\/uploads\/2018\/11\/Ram\u00f3n-Garc\u00eda-The-Young-Pope-60x60.jpg 60w, https:\/\/elinformanteperu.com\/wp-content\/uploads\/2018\/11\/Ram\u00f3n-Garc\u00eda-The-Young-Pope-50x50.jpg 50w\" sizes=\"(max-width: 400px) 100vw, 400px\" \/><\/p>\n<p>https:\/\/www.facebook.com\/MRamonGarciaM\/videos\/2337118959695626\/<\/p>\n","protected":false},"excerpt":{"rendered":"<p>El actor peruano Ram\u00f3n Garc\u00eda se mantiene grabando la serie para HBO The Young Pope y no dud\u00f3 en compartir vistas de su trabajo y videos de la grabaci\u00f3n. Lima, 23 de Noviembre 2018, (ANDINA).- El actor peruano Ram\u00f3n Garc\u00eda se mantiene grabando la serie para HBO The Young Pope y no dud\u00f3 en compartir [&hellip;]<\/p>\n","protected":false},"author":1,"featured_media":38162,"comment_status":"open","ping_status":"open","sticky":false,"template":"","format":"standard","meta":{"rop_custom_images_group":[],"rop_custom_messages_group":[],"rop_publish_now":"initial","rop_publish_now_accounts":[],"rop_publish_now_history":[],"rop_publish_now_status":"pending","footnotes":""},"categories":[70],"tags":[1880],"class_list":["post-38160","post","type-post","status-publish","format-standard","has-post-thumbnail","hentry","category-farandula","tag-ramon-garcia"],"_links":{"self":[{"href":"https:\/\/elinformanteperu.com\/index.php\/wp-json\/wp\/v2\/posts\/38160","targetHints":{"allow":["GET"]}}],"collection":[{"href":"https:\/\/elinformanteperu.com\/index.php\/wp-json\/wp\/v2\/posts"}],"about":[{"href":"https:\/\/elinformanteperu.com\/index.php\/wp-json\/wp\/v2\/types\/post"}],"author":[{"embeddable":true,"href":"https:\/\/elinformanteperu.com\/index.php\/wp-json\/wp\/v2\/users\/1"}],"replies":[{"embeddable":true,"href":"https:\/\/elinformanteperu.com\/index.php\/wp-json\/wp\/v2\/comments?post=38160"}],"version-history":[{"count":1,"href":"https:\/\/elinformanteperu.com\/index.php\/wp-json\/wp\/v2\/posts\/38160\/revisions"}],"predecessor-version":[{"id":38165,"href":"https:\/\/elinformanteperu.com\/index.php\/wp-json\/wp\/v2\/posts\/38160\/revisions\/38165"}],"wp:featuredmedia":[{"embeddable":true,"href":"https:\/\/elinformanteperu.com\/index.php\/wp-json\/wp\/v2\/media\/38162"}],"wp:attachment":[{"href":"https:\/\/elinformanteperu.com\/index.php\/wp-json\/wp\/v2\/media?parent=38160"}],"wp:term":[{"taxonomy":"category","embeddable":true,"href":"https:\/\/elinformanteperu.com\/index.php\/wp-json\/wp\/v2\/categories?post=38160"},{"taxonomy":"post_tag","embeddable":true,"href":"https:\/\/elinformanteperu.com\/index.php\/wp-json\/wp\/v2\/tags?post=38160"}],"curies":[{"name":"wp","href":"https:\/\/api.w.org\/{rel}","templated":true}]}}