{"id":38156,"date":"2018-11-23T19:55:51","date_gmt":"2018-11-24T00:55:51","guid":{"rendered":"http:\/\/elinformanteperu.com\/?p=38156"},"modified":"2018-11-23T19:55:51","modified_gmt":"2018-11-24T00:55:51","slug":"matisse-el-carino-de-la-gente-nos-ha-impresionado","status":"publish","type":"post","link":"https:\/\/elinformanteperu.com\/index.php\/2018\/11\/23\/matisse-el-carino-de-la-gente-nos-ha-impresionado\/","title":{"rendered":"Matisse: \u201cEl cari\u00f1o de la gente nos ha impresionado\u201d"},"content":{"rendered":"<p><strong><span style=\"color: #000000;\">Convertidos en \u00eddolos musicales casi sin propon\u00e9rselo, los integrantes de Matisse, grupo mexicano que visita Lima esta vez para ofrecer un concierto con todas las de la ley.<\/span><\/strong><\/p>\n<p><span style=\"color: #000000;\"><strong>Lima, 23 de Noviembre 2018, (ANDINA).-<\/strong> Convertidos en \u00eddolos musicales casi sin propon\u00e9rselo, los integrantes de Matisse, grupo mexicano que regresa hoy a Lima esta vez para ofrecer un concierto con todas las de la ley.<\/span><\/p>\n<p><span style=\"color: #000000;\">Y es que para Melissa Robles, la voz femenina del grupo, la conexi\u00f3n que han establecido con sus seguidores es fant\u00e1stica y la deja sin aliento. Al igual que ella, sus compa\u00f1eros en Matisse, Pablo Preciado y Rom\u00e1n Torres, viven intensamente la experiencia musical que iniciaron hace apenas cuatro a\u00f1os, sin imaginar el \u00e9xito y la fama de la que hoy gozan a escala internacional. Sin duda, las plataformas digitales han sido poderosos aliados para que su arte se expanda y que hoy por hoy se traduzca en millones de reproducciones.<\/span><\/p>\n<p><strong><span style=\"color: #000000;\">\u2013El Per\u00fa los recibe con euforia, es algo que han experimentado en sus anteriores visitas.<\/span><\/strong><\/p>\n<p><span style=\"color: #000000;\"><strong>MR:<\/strong> Totalmente. Para nosotros fue extraordinario ver, la primera vez que vinimos, a nuestros fans que se sab\u00edan todas las canciones, no las antiguas, sino las de nuestro nuevo disco que en realidad estaba muy reciente. Llegar al aeropuerto y escucharlos cantar los temas sin haber ofrecido un solo concierto en Per\u00fa fue tan fuerte que nos conmovi\u00f3.<\/span><\/p>\n<p><strong><span style=\"color: #000000;\">\u2013Cuando se inicia una carrera art\u00edstica, \u00bfse imagina uno estos momentos cumbres?<\/span><\/strong><\/p>\n<p><span style=\"color: #000000;\"><strong>PP:<\/strong> La verdad es que nunca puedes visualizarlo tal cual. El cari\u00f1o de la gente nos ha dejado impresionados. Desde c\u00f3mo nos tratan, c\u00f3mo se entregan. Cuando nos iniciamos en la m\u00fasica jam\u00e1s pensamos que vivir\u00edamos estas cosas, es una bendici\u00f3n. Somos unos m\u00fasicos afortunados.<\/span><\/p>\n<p><strong><span style=\"color: #000000;\">\u2013Matisse le canta al amor y al desamor, \u00bfguardan esas experiencias en sus vidas?<\/span><\/strong><\/p>\n<p><span style=\"color: #000000;\"><strong>RT:<\/strong> No todas, por supuesto, pero tengo que confesar que en algunos casos son historias propias; cosas que ya hab\u00edamos pasado. En este segundo \u00e1lbum escribimos ya m\u00e1s temas juntos y hemos aportado de manera colectiva. El insumo principal para las canciones son nuestras vivencias o situaciones que les pasaron a conocidos. Tampoco te puede ocurrir tanta tragedia. Al final de cuentas se trata de historias que, si no las viviste ya, ten por seguro que en alg\u00fan momento te pueden llegar a pasar.<\/span><\/p>\n<p><strong><span style=\"color: #000000;\">Inspiraci\u00f3n al m\u00e1ximo<\/span><\/strong><\/p>\n<p><span style=\"color: #000000;\">As\u00ed, Pablo Preciado recuerda c\u00f3mo naci\u00f3 el hit rom\u00e1ntico \u201cSi fuera f\u00e1cil\u201d, himno al desamor, coreado hasta el cansancio por los fans de Matisse. \u201cEstaba con mi hermano, quien tras unos meses de una ruptura sentimental segu\u00eda trist\u00f3n. Entonces, un buen d\u00eda le digo \u2018ya, olv\u00eddate, d\u00e9jala ir\u2019. Recuerdo que se volte\u00f3 y me respondi\u00f3 \u2018si fuera f\u00e1cil\u2019&#8230;, y as\u00ed naci\u00f3 el tema\u201d.\u2013En la actualidad su balada \u201cTodav\u00eda\u201d ya cuenta con m\u00e1s de 27 millones de reproducciones .<\/span><\/p>\n<p><span style=\"color: #000000;\"><strong>RT:<\/strong> El compromiso que eso implica es muy fuerte y nos lleva a mirar este horizonte musical con un mayor compromiso y una gran dedicaci\u00f3n; la misma que ponemos a todo lo que hacemos desde que comenzamos.<\/span><\/p>\n<p><strong><span style=\"color: #000000;\">-\u00bfC\u00f3mo es que se unen musicalmente?<\/span><\/strong><\/p>\n<p><span style=\"color: #000000;\"><strong>RT:<\/strong> El camino que nos llev\u00f3 a unirnos nace, creo, desde que estudi\u00e1bamos m\u00fasica con Pablo, y cada quien con su banda hac\u00eda pop. Coincidimos en algunas tocadas y ah\u00ed nace nuestra amistad. Empezamos a componer y a cimentar lo que es hoy Matisse; despu\u00e9s lleg\u00f3 Melissa e inmediatamente sentimos \u201cella es\u201d. Su presencia en el grupo resulta extraordinaria.<\/span><\/p>\n<p><strong><span style=\"color: #000000;\">\u2013\u00bfC\u00f3mo logran que grandes de la m\u00fasica canten sus temas?<\/span><\/strong><\/p>\n<p><span style=\"color: #000000;\"><strong>RT:<\/strong> Primero compusimos para Carlos Rivera; luego para Cristian Castro, Yuri&#8230;, para Alejandra Guzm\u00e1n fue un sue\u00f1o. \u00bfTe imaginas hacerle un tema? \u00bfPensar en ella? Recuerdo que en 45 minutos ten\u00edamos la canci\u00f3n y termin\u00f3 siendo un \u201chitazo\u201d. Y hoy por hoy para nosotros es un honor que alguien interprete nuestros temas.<\/span><\/p>\n<p><span style=\"color: #000000;\">En la actualidad, Matisse ostenta doble disco de platino y recientemente ha presentado su sencillo titulado \u201cAcu\u00e9rdate de m\u00ed\u201d, perteneciente a su segundo \u00e1lbum Por tu bien, que da t\u00edtulo al tour de conciertos que justamente los trae a Lima. En esta cita interpretar\u00e1n los temas \u201cTodav\u00eda\u201d, \u201cLa misma luna\u201d, \u201cSi fuera f\u00e1cil\u201d, \u201cM\u00e1s que amigos\u201d y \u201cCuando te encontr\u00e9\u201d.<\/span><\/p>\n<p><iframe title=\"Matisse MX - Si Fuera F\u00e1cil\" width=\"615\" height=\"346\" src=\"https:\/\/www.youtube.com\/embed\/MjIY5o4PaQM?feature=oembed\" frameborder=\"0\" allow=\"accelerometer; autoplay; clipboard-write; encrypted-media; gyroscope; picture-in-picture; web-share\" referrerpolicy=\"strict-origin-when-cross-origin\" allowfullscreen><\/iframe><\/p>\n","protected":false},"excerpt":{"rendered":"<p>Convertidos en \u00eddolos musicales casi sin propon\u00e9rselo, los integrantes de Matisse, grupo mexicano que visita Lima esta vez para ofrecer un concierto con todas las de la ley. Lima, 23 de Noviembre 2018, (ANDINA).- Convertidos en \u00eddolos musicales casi sin propon\u00e9rselo, los integrantes de Matisse, grupo mexicano que regresa hoy a Lima esta vez para [&hellip;]<\/p>\n","protected":false},"author":1,"featured_media":38158,"comment_status":"open","ping_status":"open","sticky":false,"template":"","format":"standard","meta":{"rop_custom_images_group":[],"rop_custom_messages_group":[],"rop_publish_now":"initial","rop_publish_now_accounts":[],"rop_publish_now_history":[],"rop_publish_now_status":"pending","footnotes":""},"categories":[69],"tags":[3846],"class_list":["post-38156","post","type-post","status-publish","format-standard","has-post-thumbnail","hentry","category-musica","tag-matisse"],"_links":{"self":[{"href":"https:\/\/elinformanteperu.com\/index.php\/wp-json\/wp\/v2\/posts\/38156","targetHints":{"allow":["GET"]}}],"collection":[{"href":"https:\/\/elinformanteperu.com\/index.php\/wp-json\/wp\/v2\/posts"}],"about":[{"href":"https:\/\/elinformanteperu.com\/index.php\/wp-json\/wp\/v2\/types\/post"}],"author":[{"embeddable":true,"href":"https:\/\/elinformanteperu.com\/index.php\/wp-json\/wp\/v2\/users\/1"}],"replies":[{"embeddable":true,"href":"https:\/\/elinformanteperu.com\/index.php\/wp-json\/wp\/v2\/comments?post=38156"}],"version-history":[{"count":1,"href":"https:\/\/elinformanteperu.com\/index.php\/wp-json\/wp\/v2\/posts\/38156\/revisions"}],"predecessor-version":[{"id":38159,"href":"https:\/\/elinformanteperu.com\/index.php\/wp-json\/wp\/v2\/posts\/38156\/revisions\/38159"}],"wp:featuredmedia":[{"embeddable":true,"href":"https:\/\/elinformanteperu.com\/index.php\/wp-json\/wp\/v2\/media\/38158"}],"wp:attachment":[{"href":"https:\/\/elinformanteperu.com\/index.php\/wp-json\/wp\/v2\/media?parent=38156"}],"wp:term":[{"taxonomy":"category","embeddable":true,"href":"https:\/\/elinformanteperu.com\/index.php\/wp-json\/wp\/v2\/categories?post=38156"},{"taxonomy":"post_tag","embeddable":true,"href":"https:\/\/elinformanteperu.com\/index.php\/wp-json\/wp\/v2\/tags?post=38156"}],"curies":[{"name":"wp","href":"https:\/\/api.w.org\/{rel}","templated":true}]}}