{"id":38152,"date":"2018-11-23T19:28:04","date_gmt":"2018-11-24T00:28:04","guid":{"rendered":"http:\/\/elinformanteperu.com\/?p=38152"},"modified":"2018-11-23T19:28:04","modified_gmt":"2018-11-24T00:28:04","slug":"cantante-espanol-alejandro-sanz-anuncia-lanzamiento-de-nuevo-sencillo","status":"publish","type":"post","link":"https:\/\/elinformanteperu.com\/index.php\/2018\/11\/23\/cantante-espanol-alejandro-sanz-anuncia-lanzamiento-de-nuevo-sencillo\/","title":{"rendered":"Cantante espa\u00f1ol Alejandro Sanz anuncia lanzamiento de nuevo sencillo"},"content":{"rendered":"<p><strong><span style=\"color: #000000;\">El cantante espa\u00f1ol Alejandro Sanz anunci\u00f3 el lanzamiento del sencillo titulado No tengo nada, primer adelanto de su duod\u00e9cimo disco de estudio.<\/span><\/strong><\/p>\n<p><span style=\"color: #000000;\"><strong>Madrid, 23 de Noviembre 2018, (PL).-<\/strong> El cantante espa\u00f1ol Alejandro Sanz anunci\u00f3 en sus redes sociales el lanzamiento del sencillo titulado No tengo nada, primer adelanto de su duod\u00e9cimo disco de estudio producido por Universal Music.<\/span><\/p>\n<p><span style=\"color: #000000;\">La canci\u00f3n estar\u00e1 disponible a partir del 30 de noviembre en las plataformas de internet y saldr\u00e1 acompa\u00f1ado de un videoclip promocional dirigido por su coterr\u00e1neo Jaume de Laiguana y bajo la producci\u00f3n musical de Julio Reyes Copello.<\/span><\/p>\n<p><span style=\"color: #000000;\">Aunque se desconoce el t\u00edtulo del \u00e1lbum y la fecha de estreno, Sanz revel\u00f3 que llegar\u00e1 a inicios de 2019 e incluye colaboraciones especiales de Camila Cabello y otros artistas.<\/span><\/p>\n<p><span style=\"color: #000000;\">Su m\u00e1s reciente disco &#8216;Sirope&#8217; se remonta a 2015, con cuya gira celebr\u00f3 el vig\u00e9simo aniversario de la publicaci\u00f3n de &#8216;M\u00e1s&#8217; (1998), disco que figura en los r\u00e9cords de ventas de Espa\u00f1a.<\/span><\/p>\n<p><span style=\"color: #000000;\">Sanz es uno de los m\u00fasicos m\u00e1s importantes del \u00e1mbito hispanohablante, con 20 Grammys Latinos y colaboraciones con artistas de todo el mundo entre ellos Alicia Keys, Shakira, Destiny&#8217;s Child, Laura Pausini, The Corrs, Ivete Sangalo, Emelie Sand\u00e9, Juanes, Juan Luis Guerra, Marc Anthony, Alejandro Fern\u00e1ndez, Melendi y Tony Bennett.<\/span><\/p>\n<p><iframe title=\"Alejandro Sanz - Aquello Que Me Diste (Videoclip oficial)\" width=\"615\" height=\"461\" src=\"https:\/\/www.youtube.com\/embed\/mh1Ecilpdqg?feature=oembed\" frameborder=\"0\" allow=\"accelerometer; autoplay; clipboard-write; encrypted-media; gyroscope; picture-in-picture; web-share\" referrerpolicy=\"strict-origin-when-cross-origin\" allowfullscreen><\/iframe><\/p>\n","protected":false},"excerpt":{"rendered":"<p>El cantante espa\u00f1ol Alejandro Sanz anunci\u00f3 el lanzamiento del sencillo titulado No tengo nada, primer adelanto de su duod\u00e9cimo disco de estudio. Madrid, 23 de Noviembre 2018, (PL).- El cantante espa\u00f1ol Alejandro Sanz anunci\u00f3 en sus redes sociales el lanzamiento del sencillo titulado No tengo nada, primer adelanto de su duod\u00e9cimo disco de estudio producido [&hellip;]<\/p>\n","protected":false},"author":1,"featured_media":38154,"comment_status":"open","ping_status":"open","sticky":false,"template":"","format":"standard","meta":{"rop_custom_images_group":[],"rop_custom_messages_group":[],"rop_publish_now":"initial","rop_publish_now_accounts":[],"rop_publish_now_history":[],"rop_publish_now_status":"pending","footnotes":""},"categories":[69],"tags":[3845],"class_list":["post-38152","post","type-post","status-publish","format-standard","has-post-thumbnail","hentry","category-musica","tag-alejandro-sanz"],"_links":{"self":[{"href":"https:\/\/elinformanteperu.com\/index.php\/wp-json\/wp\/v2\/posts\/38152","targetHints":{"allow":["GET"]}}],"collection":[{"href":"https:\/\/elinformanteperu.com\/index.php\/wp-json\/wp\/v2\/posts"}],"about":[{"href":"https:\/\/elinformanteperu.com\/index.php\/wp-json\/wp\/v2\/types\/post"}],"author":[{"embeddable":true,"href":"https:\/\/elinformanteperu.com\/index.php\/wp-json\/wp\/v2\/users\/1"}],"replies":[{"embeddable":true,"href":"https:\/\/elinformanteperu.com\/index.php\/wp-json\/wp\/v2\/comments?post=38152"}],"version-history":[{"count":1,"href":"https:\/\/elinformanteperu.com\/index.php\/wp-json\/wp\/v2\/posts\/38152\/revisions"}],"predecessor-version":[{"id":38155,"href":"https:\/\/elinformanteperu.com\/index.php\/wp-json\/wp\/v2\/posts\/38152\/revisions\/38155"}],"wp:featuredmedia":[{"embeddable":true,"href":"https:\/\/elinformanteperu.com\/index.php\/wp-json\/wp\/v2\/media\/38154"}],"wp:attachment":[{"href":"https:\/\/elinformanteperu.com\/index.php\/wp-json\/wp\/v2\/media?parent=38152"}],"wp:term":[{"taxonomy":"category","embeddable":true,"href":"https:\/\/elinformanteperu.com\/index.php\/wp-json\/wp\/v2\/categories?post=38152"},{"taxonomy":"post_tag","embeddable":true,"href":"https:\/\/elinformanteperu.com\/index.php\/wp-json\/wp\/v2\/tags?post=38152"}],"curies":[{"name":"wp","href":"https:\/\/api.w.org\/{rel}","templated":true}]}}