{"id":38144,"date":"2018-11-22T06:33:46","date_gmt":"2018-11-22T11:33:46","guid":{"rendered":"http:\/\/elinformanteperu.com\/?p=38144"},"modified":"2018-11-22T06:33:46","modified_gmt":"2018-11-22T11:33:46","slug":"gobierno-uruguayo-sera-muy-prolijo-en-evaluacion-de-asilo-a-alan-garcia","status":"publish","type":"post","link":"https:\/\/elinformanteperu.com\/index.php\/2018\/11\/22\/gobierno-uruguayo-sera-muy-prolijo-en-evaluacion-de-asilo-a-alan-garcia\/","title":{"rendered":"Gobierno uruguayo ser\u00e1 muy prolijo en evaluaci\u00f3n de asilo a Alan Garc\u00eda"},"content":{"rendered":"<p><strong><span style=\"color: #000000;\">La vicepresidenta de Uruguay, Luc\u00eda Topolansky, se\u00f1al\u00f3 que su pa\u00eds analizar\u00e1 con \u201cprolijidad\u201d el pedido de asilo diplom\u00e1tico hecho por el expresidente Alan Garc\u00eda.<\/span><\/strong><\/p>\n<p><span style=\"color: #000000;\"><strong>Lima, 21 de Noviembre 2018, (ANDINA).-<\/strong> La vicepresidenta de Uruguay, Luc\u00eda Topolansky, se\u00f1al\u00f3 que su pa\u00eds analizar\u00e1 con \u201cprolijidad\u201d el pedido de asilo diplom\u00e1tico hecho por el expresidente Alan Garc\u00eda investigado por el caso L\u00ednea 1 del Metro de Lima.<\/span><\/p>\n<p><span style=\"color: #000000;\">\u201cEl Uruguay, como dijo el expresidente Sanguinetti, ha sido un pa\u00eds de asilo, por eso el proceso viene siendo muy prolijo y no s\u00e9 en qu\u00e9 va a terminar\u201d, se\u00f1al\u00f3.<\/span><\/p>\n<p><span style=\"color: #000000;\">La alta funcionaria del gobierno del Uruguay resalt\u00f3 que tomar\u00e1n la decisi\u00f3n, respecto al pedido de asilo de Alan Garc\u00eda, pegado a la constituci\u00f3n de su pa\u00eds.<\/span><\/p>\n<p><span style=\"color: #000000;\">\u201cNo es cuesti\u00f3n si es o no mi amigo (\u2026) hay normativas aprobadas por el pa\u00eds, por las que nos vamos a regir, no se va a salir un \u00e1pice de esa normativa\u201d, dijo.<\/span><\/p>\n<p><span style=\"color: #000000;\">Asimismo, se\u00f1al\u00f3 que se ver\u00e1n las acusaciones y si \u00e9stas se pueden tipificar como persecuci\u00f3n pol\u00edtica\u201d o \u201csimplemente son delitos econ\u00f3micos\u201d.<\/span><\/p>\n","protected":false},"excerpt":{"rendered":"<p>La vicepresidenta de Uruguay, Luc\u00eda Topolansky, se\u00f1al\u00f3 que su pa\u00eds analizar\u00e1 con \u201cprolijidad\u201d el pedido de asilo diplom\u00e1tico hecho por el expresidente Alan Garc\u00eda. Lima, 21 de Noviembre 2018, (ANDINA).- La vicepresidenta de Uruguay, Luc\u00eda Topolansky, se\u00f1al\u00f3 que su pa\u00eds analizar\u00e1 con \u201cprolijidad\u201d el pedido de asilo diplom\u00e1tico hecho por el expresidente Alan Garc\u00eda investigado [&hellip;]<\/p>\n","protected":false},"author":1,"featured_media":38146,"comment_status":"open","ping_status":"open","sticky":false,"template":"","format":"standard","meta":{"rop_custom_images_group":[],"rop_custom_messages_group":[],"rop_publish_now":"initial","rop_publish_now_accounts":[],"rop_publish_now_history":[],"rop_publish_now_status":"pending","footnotes":""},"categories":[5],"tags":[854,174],"class_list":["post-38144","post","type-post","status-publish","format-standard","has-post-thumbnail","hentry","category-actualidad-informativa","tag-alan-garcia","tag-uruguay"],"_links":{"self":[{"href":"https:\/\/elinformanteperu.com\/index.php\/wp-json\/wp\/v2\/posts\/38144","targetHints":{"allow":["GET"]}}],"collection":[{"href":"https:\/\/elinformanteperu.com\/index.php\/wp-json\/wp\/v2\/posts"}],"about":[{"href":"https:\/\/elinformanteperu.com\/index.php\/wp-json\/wp\/v2\/types\/post"}],"author":[{"embeddable":true,"href":"https:\/\/elinformanteperu.com\/index.php\/wp-json\/wp\/v2\/users\/1"}],"replies":[{"embeddable":true,"href":"https:\/\/elinformanteperu.com\/index.php\/wp-json\/wp\/v2\/comments?post=38144"}],"version-history":[{"count":1,"href":"https:\/\/elinformanteperu.com\/index.php\/wp-json\/wp\/v2\/posts\/38144\/revisions"}],"predecessor-version":[{"id":38147,"href":"https:\/\/elinformanteperu.com\/index.php\/wp-json\/wp\/v2\/posts\/38144\/revisions\/38147"}],"wp:featuredmedia":[{"embeddable":true,"href":"https:\/\/elinformanteperu.com\/index.php\/wp-json\/wp\/v2\/media\/38146"}],"wp:attachment":[{"href":"https:\/\/elinformanteperu.com\/index.php\/wp-json\/wp\/v2\/media?parent=38144"}],"wp:term":[{"taxonomy":"category","embeddable":true,"href":"https:\/\/elinformanteperu.com\/index.php\/wp-json\/wp\/v2\/categories?post=38144"},{"taxonomy":"post_tag","embeddable":true,"href":"https:\/\/elinformanteperu.com\/index.php\/wp-json\/wp\/v2\/tags?post=38144"}],"curies":[{"name":"wp","href":"https:\/\/api.w.org\/{rel}","templated":true}]}}