{"id":38140,"date":"2018-11-22T06:32:06","date_gmt":"2018-11-22T11:32:06","guid":{"rendered":"http:\/\/elinformanteperu.com\/?p=38140"},"modified":"2018-11-22T06:32:06","modified_gmt":"2018-11-22T11:32:06","slug":"presidente-del-ipd-renuncia-al-cargo-por-caso-de-interceptacion-telefonica","status":"publish","type":"post","link":"https:\/\/elinformanteperu.com\/index.php\/2018\/11\/22\/presidente-del-ipd-renuncia-al-cargo-por-caso-de-interceptacion-telefonica\/","title":{"rendered":"Presidente del IPD renuncia al cargo por caso de interceptaci\u00f3n telef\u00f3nica"},"content":{"rendered":"<p><strong><span style=\"color: #000000;\">El Ministerio de Educaci\u00f3n (Minedu) anunci\u00f3 la renuncia de Viktor Preciado a la presidencia encargada del Instituto Peruano del Deporte (IPD).<\/span><\/strong><\/p>\n<p><span style=\"color: #000000;\"><strong>Lima, 21 de Noviembre 2018, (ANDINA).-<\/strong> El Ministerio de Educaci\u00f3n (Minedu) anunci\u00f3 la renuncia de Viktor Preciado a la presidencia encargada del Instituto Peruano del Deporte (IPD) debido a una denuncia de presunta interceptaci\u00f3n telef\u00f3nica que involucra directamente a su despacho.<\/span><\/p>\n<p><span style=\"color: #000000;\">Mediante un comunicado, el Minedu precis\u00f3 que dicha denuncia fue presentada por la Direcci\u00f3n Nacional de Recreaci\u00f3n y Promoci\u00f3n del Deporte del IPD y ha dispuesto se brinden todas las facilidades para la investigaci\u00f3n policial, con el fin de determinar responsabilidades.<\/span><\/p>\n<p><span style=\"color: #000000;\">Al mismo, indic\u00f3 el sector, ha iniciado el proceso administrativo correspondiente y est\u00e1 gestionando ante la Procuradur\u00eda las acciones legales con el prop\u00f3sito de salvaguardar los intereses de la instituci\u00f3n que resultaran afectados.<\/span><\/p>\n<p><span style=\"color: #000000;\">\u201cEn vista de que las investigaciones preliminares indican que personal directamente vinculado a la presidencia del IPD estar\u00eda involucrado en los hechos denunciados, y en aras de la transparencia, V\u00edktor Preciado ha presentado su renuncia al cargo de vicepresidente y, por lo tanto, al de presidente (e) de esta instituci\u00f3n\u201d, dice el Minedu en su comunicado.<\/span><\/p>\n<p><span style=\"color: #000000;\">Ante esta situaci\u00f3n, los miembros del Consejo Directivo del IPD se han declarado en sesi\u00f3n permanente y posteriormente proceder\u00e1n a designar al nuevo vicepresidente del IPD.<\/span><\/p>\n<p><span style=\"color: #000000;\">El Minedu reitera su compromiso con una gesti\u00f3n transparente en la que predominen la \u00e9tica y la honestidad, principios que rigen tambi\u00e9n para todas las instituciones que se encuentran dentro de su \u00e1mbito. Asimismo, garantiza la continuidad del calendario deportivo previsto para este a\u00f1o brind\u00e1ndole su m\u00e1ximo apoyo.<\/span><\/p>\n<p><span style=\"color: #000000;\">En esta l\u00ednea, el nombre del nuevo presidente del IPD ser\u00e1 dado a conocer en la tercera semana del mes de diciembre, finaliz\u00f3.<\/span><\/p>\n<p><img fetchpriority=\"high\" decoding=\"async\" class=\"aligncenter size-full wp-image-13437\" src=\"http:\/\/elinformanteperu.com\/wp-content\/uploads\/2017\/07\/ipd-8k1-1.jpg\" alt=\"\" width=\"1800\" height=\"1200\" srcset=\"https:\/\/elinformanteperu.com\/wp-content\/uploads\/2017\/07\/ipd-8k1-1.jpg 1800w, https:\/\/elinformanteperu.com\/wp-content\/uploads\/2017\/07\/ipd-8k1-1-300x200.jpg 300w, https:\/\/elinformanteperu.com\/wp-content\/uploads\/2017\/07\/ipd-8k1-1-768x512.jpg 768w, https:\/\/elinformanteperu.com\/wp-content\/uploads\/2017\/07\/ipd-8k1-1-1024x683.jpg 1024w, https:\/\/elinformanteperu.com\/wp-content\/uploads\/2017\/07\/ipd-8k1-1-128x85.jpg 128w, https:\/\/elinformanteperu.com\/wp-content\/uploads\/2017\/07\/ipd-8k1-1-32x21.jpg 32w\" sizes=\"(max-width: 1800px) 100vw, 1800px\" \/><\/p>\n","protected":false},"excerpt":{"rendered":"<p>El Ministerio de Educaci\u00f3n (Minedu) anunci\u00f3 la renuncia de Viktor Preciado a la presidencia encargada del Instituto Peruano del Deporte (IPD). Lima, 21 de Noviembre 2018, (ANDINA).- El Ministerio de Educaci\u00f3n (Minedu) anunci\u00f3 la renuncia de Viktor Preciado a la presidencia encargada del Instituto Peruano del Deporte (IPD) debido a una denuncia de presunta interceptaci\u00f3n [&hellip;]<\/p>\n","protected":false},"author":1,"featured_media":38142,"comment_status":"open","ping_status":"open","sticky":false,"template":"","format":"standard","meta":{"rop_custom_images_group":[],"rop_custom_messages_group":[],"rop_publish_now":"initial","rop_publish_now_accounts":[],"rop_publish_now_history":[],"rop_publish_now_status":"pending","footnotes":""},"categories":[5,8],"tags":[417,1668,328,3843],"class_list":["post-38140","post","type-post","status-publish","format-standard","has-post-thumbnail","hentry","category-actualidad-informativa","category-disciplinas-deportivas","tag-ipd","tag-minedu","tag-ministerio-de-de-educacion","tag-viktor-preciado"],"_links":{"self":[{"href":"https:\/\/elinformanteperu.com\/index.php\/wp-json\/wp\/v2\/posts\/38140","targetHints":{"allow":["GET"]}}],"collection":[{"href":"https:\/\/elinformanteperu.com\/index.php\/wp-json\/wp\/v2\/posts"}],"about":[{"href":"https:\/\/elinformanteperu.com\/index.php\/wp-json\/wp\/v2\/types\/post"}],"author":[{"embeddable":true,"href":"https:\/\/elinformanteperu.com\/index.php\/wp-json\/wp\/v2\/users\/1"}],"replies":[{"embeddable":true,"href":"https:\/\/elinformanteperu.com\/index.php\/wp-json\/wp\/v2\/comments?post=38140"}],"version-history":[{"count":1,"href":"https:\/\/elinformanteperu.com\/index.php\/wp-json\/wp\/v2\/posts\/38140\/revisions"}],"predecessor-version":[{"id":38143,"href":"https:\/\/elinformanteperu.com\/index.php\/wp-json\/wp\/v2\/posts\/38140\/revisions\/38143"}],"wp:featuredmedia":[{"embeddable":true,"href":"https:\/\/elinformanteperu.com\/index.php\/wp-json\/wp\/v2\/media\/38142"}],"wp:attachment":[{"href":"https:\/\/elinformanteperu.com\/index.php\/wp-json\/wp\/v2\/media?parent=38140"}],"wp:term":[{"taxonomy":"category","embeddable":true,"href":"https:\/\/elinformanteperu.com\/index.php\/wp-json\/wp\/v2\/categories?post=38140"},{"taxonomy":"post_tag","embeddable":true,"href":"https:\/\/elinformanteperu.com\/index.php\/wp-json\/wp\/v2\/tags?post=38140"}],"curies":[{"name":"wp","href":"https:\/\/api.w.org\/{rel}","templated":true}]}}