{"id":38120,"date":"2018-11-21T01:14:07","date_gmt":"2018-11-21T06:14:07","guid":{"rendered":"http:\/\/elinformanteperu.com\/?p=38120"},"modified":"2018-11-21T01:14:07","modified_gmt":"2018-11-21T06:14:07","slug":"caso-mamani-ministro-afirma-que-congreso-debe-actuar-a-la-altura-de-las-circunstancias","status":"publish","type":"post","link":"https:\/\/elinformanteperu.com\/index.php\/2018\/11\/21\/caso-mamani-ministro-afirma-que-congreso-debe-actuar-a-la-altura-de-las-circunstancias\/","title":{"rendered":"Caso Mamani: Ministro afirma que Congreso debe actuar a la altura de las circunstancias"},"content":{"rendered":"<p><strong><span style=\"color: #000000;\">El ministro de Justicia, Vicente Zeballos, consider\u00f3 que el Congreso de la Rep\u00fablica debe actuar a la altura de las circunstancias en el caso de Mois\u00e9s Mamani.<\/span><\/strong><\/p>\n<p><span style=\"color: #000000;\"><strong>Lima, 20 de Noviembre 2018, (ANDINA).-<\/strong> El ministro de Justicia y Derechos Humanos, Vicente Zeballos, consider\u00f3 que el Congreso de la Rep\u00fablica debe actuar a la altura de las circunstancias en las investigaciones que involucran al congresista de Fuerza Popular, Mois\u00e9s Mamani.<\/span><\/p>\n<p><span style=\"color: #000000;\">Precisamente, la Comisi\u00f3n de \u00c9tica Parlamentaria se encarga de la indagaci\u00f3n preliminar contra el congresista fujimorista por los presuntos tocamientos indebidos a la trabajadora de una aerol\u00ednea comercial durante un vuelo de Juliaca y Lima.<\/span><\/p>\n<p><span style=\"color: #000000;\">\u201cEs un hecho deplorable, todo el pa\u00eds elev\u00f3 su voz de protesta, esperamos que el Parlamento se ponga a la altura de las circunstancias y no se queden en investigaciones que nunca llegan a nada, que finalmente existan resultados mirando a las mujeres y las j\u00f3venes de nuestro pa\u00eds\u201d, dijo a RPP.<\/span><\/p>\n<p><span style=\"color: #000000;\">Ayer, Mamani ofreci\u00f3 disculpas a la tripulante de la aerol\u00ednea Latam que lo denunci\u00f3 la semana pasada, pero insisti\u00f3 en que no hubo tocamiento indebido y que si este ocurri\u00f3 \u00abno fue intencional\u00bb.<\/span><\/p>\n<p><span style=\"color: #000000;\">Respecto al pedido de la lideresa de Fuerza Popular, Keiko Fujimori, de compartir celda con su asesora Ana Herz, en la zona de prevenci\u00f3n del penal Anexo de Chorrillos, el ministro Zeballos indic\u00f3 que esto corresponde al Instituto Nacional Penitenciario (INPE).<\/span><\/p>\n<p><span style=\"color: #000000;\">\u201cNo tenemos ning\u00fan nivel de incidencia en las determinaciones que aut\u00f3nomamente pueda tomar el INPE\u201d, aclar\u00f3 el ministro de Justicia y Derechos Humanos.<\/span><\/p>\n<p><span style=\"color: #000000;\">En tal sentido, inform\u00f3 que Herz se encuentra en un ambiente con 15 personas, de las cuales cuatro son madres de familia y se le presta atenci\u00f3n m\u00e9dica en caso lo requiera.<\/span><\/p>\n","protected":false},"excerpt":{"rendered":"<p>El ministro de Justicia, Vicente Zeballos, consider\u00f3 que el Congreso de la Rep\u00fablica debe actuar a la altura de las circunstancias en el caso de Mois\u00e9s Mamani. Lima, 20 de Noviembre 2018, (ANDINA).- El ministro de Justicia y Derechos Humanos, Vicente Zeballos, consider\u00f3 que el Congreso de la Rep\u00fablica debe actuar a la altura de [&hellip;]<\/p>\n","protected":false},"author":1,"featured_media":36602,"comment_status":"open","ping_status":"open","sticky":false,"template":"","format":"standard","meta":{"rop_custom_images_group":[],"rop_custom_messages_group":[],"rop_publish_now":"initial","rop_publish_now_accounts":[],"rop_publish_now_history":[],"rop_publish_now_status":"pending","footnotes":""},"categories":[5],"tags":[166,2929,477],"class_list":["post-38120","post","type-post","status-publish","format-standard","has-post-thumbnail","hentry","category-actualidad-informativa","tag-ministerio-de-justicia","tag-moises-mamani","tag-vicente-zeballos"],"_links":{"self":[{"href":"https:\/\/elinformanteperu.com\/index.php\/wp-json\/wp\/v2\/posts\/38120","targetHints":{"allow":["GET"]}}],"collection":[{"href":"https:\/\/elinformanteperu.com\/index.php\/wp-json\/wp\/v2\/posts"}],"about":[{"href":"https:\/\/elinformanteperu.com\/index.php\/wp-json\/wp\/v2\/types\/post"}],"author":[{"embeddable":true,"href":"https:\/\/elinformanteperu.com\/index.php\/wp-json\/wp\/v2\/users\/1"}],"replies":[{"embeddable":true,"href":"https:\/\/elinformanteperu.com\/index.php\/wp-json\/wp\/v2\/comments?post=38120"}],"version-history":[{"count":1,"href":"https:\/\/elinformanteperu.com\/index.php\/wp-json\/wp\/v2\/posts\/38120\/revisions"}],"predecessor-version":[{"id":38122,"href":"https:\/\/elinformanteperu.com\/index.php\/wp-json\/wp\/v2\/posts\/38120\/revisions\/38122"}],"wp:featuredmedia":[{"embeddable":true,"href":"https:\/\/elinformanteperu.com\/index.php\/wp-json\/wp\/v2\/media\/36602"}],"wp:attachment":[{"href":"https:\/\/elinformanteperu.com\/index.php\/wp-json\/wp\/v2\/media?parent=38120"}],"wp:term":[{"taxonomy":"category","embeddable":true,"href":"https:\/\/elinformanteperu.com\/index.php\/wp-json\/wp\/v2\/categories?post=38120"},{"taxonomy":"post_tag","embeddable":true,"href":"https:\/\/elinformanteperu.com\/index.php\/wp-json\/wp\/v2\/tags?post=38120"}],"curies":[{"name":"wp","href":"https:\/\/api.w.org\/{rel}","templated":true}]}}